{"id":8630,"date":"2020-03-11T21:38:04","date_gmt":"2020-03-11T20:38:04","guid":{"rendered":"http:\/\/sp3.tuchola.pl\/wordpress\/?p=8630"},"modified":"2020-03-11T21:38:05","modified_gmt":"2020-03-11T20:38:05","slug":"rekomendacje-kuratorium-oswiaty-w-bydgoszczy","status":"publish","type":"post","link":"https:\/\/sp3.tuchola.pl\/wordpress\/?p=8630","title":{"rendered":"Rekomendacje Kuratorium O\u015bwiaty w Bydgoszczy"},"content":{"rendered":"\n<p>Rodzicu,<br>\u2022 ze wzgl\u0119du na bezpiecze\u0144stwo zdrowotne Twoje i Twojego dziecka zaj\u0119cia zostan\u0105 zawieszone od 12 marca br.;<br>\u2022 zach\u0119caj dziecko do samodzielnej nauki, gdy nie b\u0119dzie lekcji w szkole (Ministerstwo Edukacji Narodowej na platformie epodr\u0119czniki.pl. udost\u0119pnia szereg materia\u0142\u00f3w edukacyjnych, kt\u00f3re pozwalaj\u0105 uzupe\u0142ni\u0107, ugruntowa\u0107 i poszerzy\u0107 wiedz\u0119, dost\u0119p do tych zasob\u00f3w jest bezp\u0142atny);<br>\u2022 je\u015bli masz dziecko w wieku do 8 lat, przys\u0142uguje Ci zasi\u0142ek opieku\u0144czy do 14 dni (szczeg\u00f3\u0142owe informacje znajdziesz na stronie internetowej ZUS);<br>\u2022 przeka\u017c osobom, kt\u00f3re b\u0119d\u0105 opiekowa\u0107 si\u0119 Twoim dzieckiem, podstawowe informacje dotycz\u0105ce bezpiecze\u0144stwa i higieny;<br>\u2022 rygorystycznie przestrzegaj w domu zasad higieny i czysto\u015bci pomieszcze\u0144, w kt\u00f3rych przebywasz;<br>\u2022 \u015bled\u017a na bie\u017c\u0105co komunikaty GIS, MZ i MEN o sytuacji epidemiologicznej w kraju oraz informacje przesy\u0142ane przez dyrektora szko\u0142y.<\/p>\n\n\n\n<p>Uczniu,<br>\u2022 pami\u0119taj o swoim bezpiecze\u0144stwie w domu, unikaj miejsc, gdzie s\u0105 du\u017ce skupiska ludzi (np. komunikacja publiczna, kino, teatr, centra handlowe);<br>\u2022 przerwa w funkcjonowaniu Twojej szko\u0142y nie powinna oznacza\u0107 dni wolnych od nauki;<br>\u2022 odpowiedzialnie wykorzystaj czas zawieszenia zaj\u0119\u0107 w Twojej szkole, przeczytaj ulubion\u0105 ksi\u0105\u017ck\u0119, spr\u00f3buj uzupe\u0142ni\u0107 swoje wiadomo\u015bci lub rozwijaj kompetencje (skorzystaj przy tym z darmowej platformy epodreczniki.pl i materia\u0142\u00f3w rekomendowanych przez Twojego nauczyciela);<br>\u2022 przestrzegaj w domu zasad higieny i czysto\u015bci pomieszcze\u0144, w kt\u00f3rych przebywasz.<\/p>\n","protected":false},"excerpt":{"rendered":"<p>Rodzicu,\u2022 ze wzgl\u0119du na bezpiecze\u0144stwo zdrowotne Twoje i Twojego dziecka zaj\u0119cia zostan\u0105 zawieszone od 12 marca br.;\u2022 zach\u0119caj dziecko do samodzielnej nauki, gdy nie b\u0119dzie lekcji w szkole (Ministerstwo Edukacji Narodowej na platformie epodr\u0119czniki.pl. udost\u0119pnia szereg materia\u0142\u00f3w edukacyjnych, kt\u00f3re pozwalaj\u0105 uzupe\u0142ni\u0107, ugruntowa\u0107 i poszerzy\u0107 wiedz\u0119, dost\u0119p do tych zasob\u00f3w jest bezp\u0142atny);\u2022 je\u015bli masz dziecko w [&hellip;]<\/p>\n","protected":false},"author":1,"featured_media":0,"comment_status":"closed","ping_status":"open","sticky":false,"template":"","format":"standard","meta":[],"categories":[1],"tags":[],"_links":{"self":[{"href":"https:\/\/sp3.tuchola.pl\/wordpress\/index.php?rest_route=\/wp\/v2\/posts\/8630"}],"collection":[{"href":"https:\/\/sp3.tuchola.pl\/wordpress\/index.php?rest_route=\/wp\/v2\/posts"}],"about":[{"href":"https:\/\/sp3.tuchola.pl\/wordpress\/index.php?rest_route=\/wp\/v2\/types\/post"}],"author":[{"embeddable":true,"href":"https:\/\/sp3.tuchola.pl\/wordpress\/index.php?rest_route=\/wp\/v2\/users\/1"}],"replies":[{"embeddable":true,"href":"https:\/\/sp3.tuchola.pl\/wordpress\/index.php?rest_route=%2Fwp%2Fv2%2Fcomments&post=8630"}],"version-history":[{"count":1,"href":"https:\/\/sp3.tuchola.pl\/wordpress\/index.php?rest_route=\/wp\/v2\/posts\/8630\/revisions"}],"predecessor-version":[{"id":8631,"href":"https:\/\/sp3.tuchola.pl\/wordpress\/index.php?rest_route=\/wp\/v2\/posts\/8630\/revisions\/8631"}],"wp:attachment":[{"href":"https:\/\/sp3.tuchola.pl\/wordpress\/index.php?rest_route=%2Fwp%2Fv2%2Fmedia&parent=8630"}],"wp:term":[{"taxonomy":"category","embeddable":true,"href":"https:\/\/sp3.tuchola.pl\/wordpress\/index.php?rest_route=%2Fwp%2Fv2%2Fcategories&post=8630"},{"taxonomy":"post_tag","embeddable":true,"href":"https:\/\/sp3.tuchola.pl\/wordpress\/index.php?rest_route=%2Fwp%2Fv2%2Ftags&post=8630"}],"curies":[{"name":"wp","href":"https:\/\/api.w.org\/{rel}","templated":true}]}}