{"id":8628,"date":"2020-03-11T17:25:54","date_gmt":"2020-03-11T16:25:54","guid":{"rendered":"http:\/\/sp3.tuchola.pl\/wordpress\/?p=8628"},"modified":"2020-03-11T17:26:47","modified_gmt":"2020-03-11T16:26:47","slug":"8628","status":"publish","type":"post","link":"https:\/\/sp3.tuchola.pl\/wordpress\/?p=8628","title":{"rendered":""},"content":{"rendered":"\n<p>Szanowni Rodzice!<\/p>\n\n\n\n<p>Zaj\u0119cia w naszej szkole, podobnie jak w ca\u0142ym kraju, b\u0119d\u0105\nzawieszone na 2 tygodnie.<\/p>\n\n\n\n<p>12 i 13 marca to dni, w kt\u00f3rych r\u00f3wnie\u017c nie b\u0119d\u0105 odbywa\u0142y\nsi\u0119 zaj\u0119cia dydaktyczno-wychowawcze, a nawet dzia\u0142ania opieku\u0144cze &#8211; w\nwyj\u0105tkowych sytuacjach mo\u017cna jednak przyprowadzi\u0107 dziecko do szko\u0142y, ale ze\nwzgl\u0119du na powag\u0119 sprawy radziliby\u015bmy tego nie robi\u0107.<\/p>\n\n\n\n<p>Od 16 do 25 marca uczniowie oraz dzieci z oddzia\u0142\u00f3w przedszkolnych bezwzgl\u0119dnie nie przychodz\u0105 do szko\u0142y. To nie jest jednak czas ferii. <strong>Apelujemy o pozostanie dzieci w domach i ograniczenie kontakt\u00f3w z innymi osobami do minimum. <\/strong>O dalszych dzia\u0142aniach b\u0119dziemy informowa\u0107 na bie\u017c\u0105co.<\/p>\n","protected":false},"excerpt":{"rendered":"<p>Szanowni Rodzice! Zaj\u0119cia w naszej szkole, podobnie jak w ca\u0142ym kraju, b\u0119d\u0105 zawieszone na 2 tygodnie. 12 i 13 marca to dni, w kt\u00f3rych r\u00f3wnie\u017c nie b\u0119d\u0105 odbywa\u0142y si\u0119 zaj\u0119cia dydaktyczno-wychowawcze, a nawet dzia\u0142ania opieku\u0144cze &#8211; w wyj\u0105tkowych sytuacjach mo\u017cna jednak przyprowadzi\u0107 dziecko do szko\u0142y, ale ze wzgl\u0119du na powag\u0119 sprawy radziliby\u015bmy tego nie robi\u0107. [&hellip;]<\/p>\n","protected":false},"author":1,"featured_media":0,"comment_status":"closed","ping_status":"open","sticky":false,"template":"","format":"standard","meta":[],"categories":[1],"tags":[],"_links":{"self":[{"href":"https:\/\/sp3.tuchola.pl\/wordpress\/index.php?rest_route=\/wp\/v2\/posts\/8628"}],"collection":[{"href":"https:\/\/sp3.tuchola.pl\/wordpress\/index.php?rest_route=\/wp\/v2\/posts"}],"about":[{"href":"https:\/\/sp3.tuchola.pl\/wordpress\/index.php?rest_route=\/wp\/v2\/types\/post"}],"author":[{"embeddable":true,"href":"https:\/\/sp3.tuchola.pl\/wordpress\/index.php?rest_route=\/wp\/v2\/users\/1"}],"replies":[{"embeddable":true,"href":"https:\/\/sp3.tuchola.pl\/wordpress\/index.php?rest_route=%2Fwp%2Fv2%2Fcomments&post=8628"}],"version-history":[{"count":1,"href":"https:\/\/sp3.tuchola.pl\/wordpress\/index.php?rest_route=\/wp\/v2\/posts\/8628\/revisions"}],"predecessor-version":[{"id":8629,"href":"https:\/\/sp3.tuchola.pl\/wordpress\/index.php?rest_route=\/wp\/v2\/posts\/8628\/revisions\/8629"}],"wp:attachment":[{"href":"https:\/\/sp3.tuchola.pl\/wordpress\/index.php?rest_route=%2Fwp%2Fv2%2Fmedia&parent=8628"}],"wp:term":[{"taxonomy":"category","embeddable":true,"href":"https:\/\/sp3.tuchola.pl\/wordpress\/index.php?rest_route=%2Fwp%2Fv2%2Fcategories&post=8628"},{"taxonomy":"post_tag","embeddable":true,"href":"https:\/\/sp3.tuchola.pl\/wordpress\/index.php?rest_route=%2Fwp%2Fv2%2Ftags&post=8628"}],"curies":[{"name":"wp","href":"https:\/\/api.w.org\/{rel}","templated":true}]}}