{"id":8414,"date":"2020-01-24T12:06:00","date_gmt":"2020-01-24T11:06:00","guid":{"rendered":"http:\/\/sp3.tuchola.pl\/wordpress\/?p=8414"},"modified":"2020-01-29T14:30:21","modified_gmt":"2020-01-29T13:30:21","slug":"bal-karnawalowy","status":"publish","type":"post","link":"https:\/\/sp3.tuchola.pl\/wordpress\/?p=8414","title":{"rendered":"Bal karnawa\u0142owy"},"content":{"rendered":"\n<figure class=\"wp-block-image size-large\"><img loading=\"lazy\" width=\"900\" height=\"603\" src=\"http:\/\/sp3.tuchola.pl\/wordpress\/wp-content\/uploads\/2020\/01\/bal00.jpg\" alt=\"\" class=\"wp-image-8415\" srcset=\"https:\/\/sp3.tuchola.pl\/wordpress\/wp-content\/uploads\/2020\/01\/bal00.jpg 900w, https:\/\/sp3.tuchola.pl\/wordpress\/wp-content\/uploads\/2020\/01\/bal00-300x201.jpg 300w, https:\/\/sp3.tuchola.pl\/wordpress\/wp-content\/uploads\/2020\/01\/bal00-768x515.jpg 768w\" sizes=\"(max-width: 900px) 100vw, 900px\" \/><\/figure>\n\n\n\n<p>Pierwszy semestr bie\u017c\u0105cego roku szkolnego m\u0142odsi uczniowie po\u017cegnali balem karnawa\u0142owym. Wspania\u0142\u0105 zabaw\u0119 poprowadzi\u0142 Pan Tomasz Kotowski. Zdj\u0119cia mo\u017cna obejrze\u0107 w <a href=\"http:\/\/sp3.tuchola.pl\/wordpress\/?page_id=8398\">galerii<\/a> oraz na szkolnym <a href=\"https:\/\/www.facebook.com\/pg\/Szko%C5%82a-Podstawowa-nr-3-im-M-Kopernika-w-Tucholi-360191934548045\/photos\/?ref=page_internal\">Facebooku<\/a>.<\/p>\n","protected":false},"excerpt":{"rendered":"<p>Pierwszy semestr bie\u017c\u0105cego roku szkolnego m\u0142odsi uczniowie po\u017cegnali balem karnawa\u0142owym. Wspania\u0142\u0105 zabaw\u0119 poprowadzi\u0142 Pan Tomasz Kotowski. Zdj\u0119cia mo\u017cna obejrze\u0107 w galerii oraz na szkolnym Facebooku.<\/p>\n","protected":false},"author":1,"featured_media":0,"comment_status":"closed","ping_status":"open","sticky":false,"template":"","format":"standard","meta":[],"categories":[1],"tags":[],"_links":{"self":[{"href":"https:\/\/sp3.tuchola.pl\/wordpress\/index.php?rest_route=\/wp\/v2\/posts\/8414"}],"collection":[{"href":"https:\/\/sp3.tuchola.pl\/wordpress\/index.php?rest_route=\/wp\/v2\/posts"}],"about":[{"href":"https:\/\/sp3.tuchola.pl\/wordpress\/index.php?rest_route=\/wp\/v2\/types\/post"}],"author":[{"embeddable":true,"href":"https:\/\/sp3.tuchola.pl\/wordpress\/index.php?rest_route=\/wp\/v2\/users\/1"}],"replies":[{"embeddable":true,"href":"https:\/\/sp3.tuchola.pl\/wordpress\/index.php?rest_route=%2Fwp%2Fv2%2Fcomments&post=8414"}],"version-history":[{"count":2,"href":"https:\/\/sp3.tuchola.pl\/wordpress\/index.php?rest_route=\/wp\/v2\/posts\/8414\/revisions"}],"predecessor-version":[{"id":8426,"href":"https:\/\/sp3.tuchola.pl\/wordpress\/index.php?rest_route=\/wp\/v2\/posts\/8414\/revisions\/8426"}],"wp:attachment":[{"href":"https:\/\/sp3.tuchola.pl\/wordpress\/index.php?rest_route=%2Fwp%2Fv2%2Fmedia&parent=8414"}],"wp:term":[{"taxonomy":"category","embeddable":true,"href":"https:\/\/sp3.tuchola.pl\/wordpress\/index.php?rest_route=%2Fwp%2Fv2%2Fcategories&post=8414"},{"taxonomy":"post_tag","embeddable":true,"href":"https:\/\/sp3.tuchola.pl\/wordpress\/index.php?rest_route=%2Fwp%2Fv2%2Ftags&post=8414"}],"curies":[{"name":"wp","href":"https:\/\/api.w.org\/{rel}","templated":true}]}}