{"id":8382,"date":"2020-01-20T14:22:43","date_gmt":"2020-01-20T13:22:43","guid":{"rendered":"http:\/\/sp3.tuchola.pl\/wordpress\/?p=8382"},"modified":"2020-01-20T14:22:44","modified_gmt":"2020-01-20T13:22:44","slug":"8382","status":"publish","type":"post","link":"https:\/\/sp3.tuchola.pl\/wordpress\/?p=8382","title":{"rendered":""},"content":{"rendered":"\n<figure class=\"wp-block-gallery columns-2\"><ul class=\"blocks-gallery-grid\"><li class=\"blocks-gallery-item\"><figure><a href=\"http:\/\/sp3.tuchola.pl\/wordpress\/wp-content\/uploads\/2020\/01\/h01.jpg\"><img loading=\"lazy\" width=\"800\" height=\"600\" src=\"http:\/\/sp3.tuchola.pl\/wordpress\/wp-content\/uploads\/2020\/01\/h01.jpg\" alt=\"\" data-id=\"8383\" data-full-url=\"http:\/\/sp3.tuchola.pl\/wordpress\/wp-content\/uploads\/2020\/01\/h01.jpg\" data-link=\"http:\/\/sp3.tuchola.pl\/wordpress\/?attachment_id=8383\" class=\"wp-image-8383\" srcset=\"https:\/\/sp3.tuchola.pl\/wordpress\/wp-content\/uploads\/2020\/01\/h01.jpg 800w, https:\/\/sp3.tuchola.pl\/wordpress\/wp-content\/uploads\/2020\/01\/h01-300x225.jpg 300w, https:\/\/sp3.tuchola.pl\/wordpress\/wp-content\/uploads\/2020\/01\/h01-768x576.jpg 768w\" sizes=\"(max-width: 800px) 100vw, 800px\" \/><\/a><\/figure><\/li><li class=\"blocks-gallery-item\"><figure><a href=\"http:\/\/sp3.tuchola.pl\/wordpress\/wp-content\/uploads\/2020\/01\/ho2.jpg\"><img loading=\"lazy\" width=\"600\" height=\"800\" src=\"http:\/\/sp3.tuchola.pl\/wordpress\/wp-content\/uploads\/2020\/01\/ho2.jpg\" alt=\"\" data-id=\"8384\" data-full-url=\"http:\/\/sp3.tuchola.pl\/wordpress\/wp-content\/uploads\/2020\/01\/ho2.jpg\" data-link=\"http:\/\/sp3.tuchola.pl\/wordpress\/?attachment_id=8384\" class=\"wp-image-8384\" srcset=\"https:\/\/sp3.tuchola.pl\/wordpress\/wp-content\/uploads\/2020\/01\/ho2.jpg 600w, https:\/\/sp3.tuchola.pl\/wordpress\/wp-content\/uploads\/2020\/01\/ho2-225x300.jpg 225w\" sizes=\"(max-width: 600px) 100vw, 600px\" \/><\/a><\/figure><\/li><\/ul><\/figure>\n\n\n\n<p>20 stycznia w Szkole Podstawowej nr 2 im. dra Kazimierza Karasiewicza w Tucholi odby\u0142 si\u0119 konkurs wiedzy o historii regionu dla uczni\u00f3w klas IV-VIII szk\u00f3\u0142 podstawowych &#8222;Powr\u00f3t Tucholi do ojczyzny&#8221;. Nasz\u0105 szko\u0142\u0119 reprezentowali: Malwina Serafinowicz, Hubert Nowacki, Oskar B\u0142a\u017cejewski oraz Jan Wi\u015bniewski. W kategorii klas starszych I miejsce zaj\u0105\u0142 Hubert, a wyr\u00f3\u017cnienie zdoby\u0142a Malwina. W kategorii klas m\u0142odszych wyr\u00f3\u017cnienie otrzyma\u0142 Oskar. Gratulujemy laureatom i dzi\u0119kujemy wszystkim uczestnikom.<\/p>\n","protected":false},"excerpt":{"rendered":"<p>20 stycznia w Szkole Podstawowej nr 2 im. dra Kazimierza Karasiewicza w Tucholi odby\u0142 si\u0119 konkurs wiedzy o historii regionu dla uczni\u00f3w klas IV-VIII szk\u00f3\u0142 podstawowych &#8222;Powr\u00f3t Tucholi do ojczyzny&#8221;. Nasz\u0105 szko\u0142\u0119 reprezentowali: Malwina Serafinowicz, Hubert Nowacki, Oskar B\u0142a\u017cejewski oraz Jan Wi\u015bniewski. W kategorii klas starszych I miejsce zaj\u0105\u0142 Hubert, a wyr\u00f3\u017cnienie zdoby\u0142a Malwina. W [&hellip;]<\/p>\n","protected":false},"author":1,"featured_media":0,"comment_status":"closed","ping_status":"open","sticky":false,"template":"","format":"standard","meta":[],"categories":[1],"tags":[],"_links":{"self":[{"href":"https:\/\/sp3.tuchola.pl\/wordpress\/index.php?rest_route=\/wp\/v2\/posts\/8382"}],"collection":[{"href":"https:\/\/sp3.tuchola.pl\/wordpress\/index.php?rest_route=\/wp\/v2\/posts"}],"about":[{"href":"https:\/\/sp3.tuchola.pl\/wordpress\/index.php?rest_route=\/wp\/v2\/types\/post"}],"author":[{"embeddable":true,"href":"https:\/\/sp3.tuchola.pl\/wordpress\/index.php?rest_route=\/wp\/v2\/users\/1"}],"replies":[{"embeddable":true,"href":"https:\/\/sp3.tuchola.pl\/wordpress\/index.php?rest_route=%2Fwp%2Fv2%2Fcomments&post=8382"}],"version-history":[{"count":2,"href":"https:\/\/sp3.tuchola.pl\/wordpress\/index.php?rest_route=\/wp\/v2\/posts\/8382\/revisions"}],"predecessor-version":[{"id":8386,"href":"https:\/\/sp3.tuchola.pl\/wordpress\/index.php?rest_route=\/wp\/v2\/posts\/8382\/revisions\/8386"}],"wp:attachment":[{"href":"https:\/\/sp3.tuchola.pl\/wordpress\/index.php?rest_route=%2Fwp%2Fv2%2Fmedia&parent=8382"}],"wp:term":[{"taxonomy":"category","embeddable":true,"href":"https:\/\/sp3.tuchola.pl\/wordpress\/index.php?rest_route=%2Fwp%2Fv2%2Fcategories&post=8382"},{"taxonomy":"post_tag","embeddable":true,"href":"https:\/\/sp3.tuchola.pl\/wordpress\/index.php?rest_route=%2Fwp%2Fv2%2Ftags&post=8382"}],"curies":[{"name":"wp","href":"https:\/\/api.w.org\/{rel}","templated":true}]}}