{"id":4516,"date":"2017-06-02T11:59:46","date_gmt":"2017-06-02T09:59:46","guid":{"rendered":"http:\/\/sp3.tuchola.pl\/wordpress\/?p=4516"},"modified":"2017-06-02T11:59:46","modified_gmt":"2017-06-02T09:59:46","slug":"jak-nie-czytam-jak-czytam","status":"publish","type":"post","link":"https:\/\/sp3.tuchola.pl\/wordpress\/?p=4516","title":{"rendered":"Jak nie czytam, jak czytam"},"content":{"rendered":"<p style=\"text-align: justify;\"><a href=\"http:\/\/sp3.tuchola.pl\/wordpress\/wp-content\/uploads\/2017\/06\/Czytam.jpg\"><img loading=\"lazy\" class=\"aligncenter size-medium wp-image-4517\" alt=\"Czytam\" src=\"http:\/\/sp3.tuchola.pl\/wordpress\/wp-content\/uploads\/2017\/06\/Czytam-300x92.jpg\" width=\"300\" height=\"92\" srcset=\"https:\/\/sp3.tuchola.pl\/wordpress\/wp-content\/uploads\/2017\/06\/Czytam-300x92.jpg 300w, https:\/\/sp3.tuchola.pl\/wordpress\/wp-content\/uploads\/2017\/06\/Czytam.jpg 1000w\" sizes=\"(max-width: 300px) 100vw, 300px\" \/><\/a><\/p>\n<p style=\"text-align: justify;\">1 czerwca 347 uczni\u00f3w z naszej szko\u0142y podj\u0119\u0142o pr\u00f3b\u0119 pobicia rekordu czytania w jednym momencie, przy\u0142\u0105czaj\u0105c si\u0119 do akcji &#8222;Jak nie czytam, jak czytam&#8221;<em>.<\/em>\u00a0 Zaproponowana przez redakcj\u0119 czasopisma\u00a0<em>Biblioteka w Szkole <\/em>inicjatywa\u00a0ma na celu promowanie czytelnictwa. W ubieg\u0142ym roku wzi\u0119\u0142o w niej udzia\u0142 432 608 os\u00f3b z ca\u0142ej Polski.<\/p>\n\n\t\t<style type=\"text\/css\">\n\t\t\t#gallery-1 {\n\t\t\t\tmargin: auto;\n\t\t\t}\n\t\t\t#gallery-1 .gallery-item {\n\t\t\t\tfloat: left;\n\t\t\t\tmargin-top: 10px;\n\t\t\t\ttext-align: center;\n\t\t\t\twidth: 33%;\n\t\t\t}\n\t\t\t#gallery-1 img {\n\t\t\t\tborder: 2px solid #cfcfcf;\n\t\t\t}\n\t\t\t#gallery-1 .gallery-caption {\n\t\t\t\tmargin-left: 0;\n\t\t\t}\n\t\t\t\/* see gallery_shortcode() in wp-includes\/media.php *\/\n\t\t<\/style>\n\t\t<div id='gallery-1' class='gallery galleryid-4516 gallery-columns-3 gallery-size-thumbnail'><dl class='gallery-item'>\n\t\t\t<dt class='gallery-icon landscape'>\n\t\t\t\t<a href='https:\/\/sp3.tuchola.pl\/wordpress\/?attachment_id=4518'><img width=\"150\" height=\"150\" src=\"https:\/\/sp3.tuchola.pl\/wordpress\/wp-content\/uploads\/2017\/06\/Czytam-03-150x150.jpg\" class=\"attachment-thumbnail size-thumbnail\" alt=\"\" loading=\"lazy\" \/><\/a>\n\t\t\t<\/dt><\/dl><dl class='gallery-item'>\n\t\t\t<dt class='gallery-icon landscape'>\n\t\t\t\t<a href='https:\/\/sp3.tuchola.pl\/wordpress\/?attachment_id=4519'><img width=\"150\" height=\"150\" src=\"https:\/\/sp3.tuchola.pl\/wordpress\/wp-content\/uploads\/2017\/06\/Czytam-01-150x150.jpg\" class=\"attachment-thumbnail size-thumbnail\" alt=\"\" loading=\"lazy\" \/><\/a>\n\t\t\t<\/dt><\/dl><dl class='gallery-item'>\n\t\t\t<dt class='gallery-icon landscape'>\n\t\t\t\t<a href='https:\/\/sp3.tuchola.pl\/wordpress\/?attachment_id=4520'><img width=\"150\" height=\"150\" src=\"https:\/\/sp3.tuchola.pl\/wordpress\/wp-content\/uploads\/2017\/06\/Czytam-02-150x150.jpg\" class=\"attachment-thumbnail size-thumbnail\" alt=\"\" loading=\"lazy\" \/><\/a>\n\t\t\t<\/dt><\/dl><br style=\"clear: both\" \/>\n\t\t<\/div>\n\n","protected":false},"excerpt":{"rendered":"<p>1 czerwca 347 uczni\u00f3w z naszej szko\u0142y podj\u0119\u0142o pr\u00f3b\u0119 pobicia rekordu czytania w jednym momencie, przy\u0142\u0105czaj\u0105c si\u0119 do akcji &#8222;Jak nie czytam, jak czytam&#8221;.\u00a0 Zaproponowana przez redakcj\u0119 czasopisma\u00a0Biblioteka w Szkole inicjatywa\u00a0ma na celu promowanie czytelnictwa. W ubieg\u0142ym roku wzi\u0119\u0142o w niej udzia\u0142 432 608 os\u00f3b z ca\u0142ej Polski.<\/p>\n","protected":false},"author":1,"featured_media":0,"comment_status":"closed","ping_status":"open","sticky":false,"template":"","format":"standard","meta":[],"categories":[1],"tags":[],"_links":{"self":[{"href":"https:\/\/sp3.tuchola.pl\/wordpress\/index.php?rest_route=\/wp\/v2\/posts\/4516"}],"collection":[{"href":"https:\/\/sp3.tuchola.pl\/wordpress\/index.php?rest_route=\/wp\/v2\/posts"}],"about":[{"href":"https:\/\/sp3.tuchola.pl\/wordpress\/index.php?rest_route=\/wp\/v2\/types\/post"}],"author":[{"embeddable":true,"href":"https:\/\/sp3.tuchola.pl\/wordpress\/index.php?rest_route=\/wp\/v2\/users\/1"}],"replies":[{"embeddable":true,"href":"https:\/\/sp3.tuchola.pl\/wordpress\/index.php?rest_route=%2Fwp%2Fv2%2Fcomments&post=4516"}],"version-history":[{"count":1,"href":"https:\/\/sp3.tuchola.pl\/wordpress\/index.php?rest_route=\/wp\/v2\/posts\/4516\/revisions"}],"predecessor-version":[{"id":4521,"href":"https:\/\/sp3.tuchola.pl\/wordpress\/index.php?rest_route=\/wp\/v2\/posts\/4516\/revisions\/4521"}],"wp:attachment":[{"href":"https:\/\/sp3.tuchola.pl\/wordpress\/index.php?rest_route=%2Fwp%2Fv2%2Fmedia&parent=4516"}],"wp:term":[{"taxonomy":"category","embeddable":true,"href":"https:\/\/sp3.tuchola.pl\/wordpress\/index.php?rest_route=%2Fwp%2Fv2%2Fcategories&post=4516"},{"taxonomy":"post_tag","embeddable":true,"href":"https:\/\/sp3.tuchola.pl\/wordpress\/index.php?rest_route=%2Fwp%2Fv2%2Ftags&post=4516"}],"curies":[{"name":"wp","href":"https:\/\/api.w.org\/{rel}","templated":true}]}}