{"id":3485,"date":"2016-10-24T09:17:01","date_gmt":"2016-10-24T07:17:01","guid":{"rendered":"http:\/\/sp3.tuchola.pl\/wordpress\/?p=3485"},"modified":"2016-10-24T09:17:01","modified_gmt":"2016-10-24T07:17:01","slug":"3485","status":"publish","type":"post","link":"https:\/\/sp3.tuchola.pl\/wordpress\/?p=3485","title":{"rendered":""},"content":{"rendered":"<p><a href=\"http:\/\/sp3.tuchola.pl\/wordpress\/wp-content\/uploads\/2016\/10\/FPP_2016.jpg\"><img loading=\"lazy\" class=\"aligncenter size-medium wp-image-3486\" alt=\"FPP_2016\" src=\"http:\/\/sp3.tuchola.pl\/wordpress\/wp-content\/uploads\/2016\/10\/FPP_2016-300x248.jpg\" width=\"300\" height=\"248\" srcset=\"https:\/\/sp3.tuchola.pl\/wordpress\/wp-content\/uploads\/2016\/10\/FPP_2016-300x248.jpg 300w, https:\/\/sp3.tuchola.pl\/wordpress\/wp-content\/uploads\/2016\/10\/FPP_2016.jpg 400w\" sizes=\"(max-width: 300px) 100vw, 300px\" \/><\/a><\/p>\n<p>&nbsp;<\/p>\n<p style=\"text-align: justify;\">W sobot\u0119 22 pa\u017adziernika odby\u0142 si\u0119 w naszej szkole XVII Festiwal Piosenki Przyrodniczej. W <a title=\"XVII Festiwal Piosenki Przyrodniczej \u2013 22.10.2016\" href=\"http:\/\/sp3.tuchola.pl\/wordpress\/?page_id=3451\">galerii<\/a> mo\u017cna obejrze\u0107 zdj\u0119cia z imprezy.<\/p>\n","protected":false},"excerpt":{"rendered":"<p>&nbsp; W sobot\u0119 22 pa\u017adziernika odby\u0142 si\u0119 w naszej szkole XVII Festiwal Piosenki Przyrodniczej. W galerii mo\u017cna obejrze\u0107 zdj\u0119cia z imprezy.<\/p>\n","protected":false},"author":1,"featured_media":0,"comment_status":"closed","ping_status":"open","sticky":false,"template":"","format":"standard","meta":[],"categories":[1],"tags":[],"_links":{"self":[{"href":"https:\/\/sp3.tuchola.pl\/wordpress\/index.php?rest_route=\/wp\/v2\/posts\/3485"}],"collection":[{"href":"https:\/\/sp3.tuchola.pl\/wordpress\/index.php?rest_route=\/wp\/v2\/posts"}],"about":[{"href":"https:\/\/sp3.tuchola.pl\/wordpress\/index.php?rest_route=\/wp\/v2\/types\/post"}],"author":[{"embeddable":true,"href":"https:\/\/sp3.tuchola.pl\/wordpress\/index.php?rest_route=\/wp\/v2\/users\/1"}],"replies":[{"embeddable":true,"href":"https:\/\/sp3.tuchola.pl\/wordpress\/index.php?rest_route=%2Fwp%2Fv2%2Fcomments&post=3485"}],"version-history":[{"count":1,"href":"https:\/\/sp3.tuchola.pl\/wordpress\/index.php?rest_route=\/wp\/v2\/posts\/3485\/revisions"}],"predecessor-version":[{"id":3487,"href":"https:\/\/sp3.tuchola.pl\/wordpress\/index.php?rest_route=\/wp\/v2\/posts\/3485\/revisions\/3487"}],"wp:attachment":[{"href":"https:\/\/sp3.tuchola.pl\/wordpress\/index.php?rest_route=%2Fwp%2Fv2%2Fmedia&parent=3485"}],"wp:term":[{"taxonomy":"category","embeddable":true,"href":"https:\/\/sp3.tuchola.pl\/wordpress\/index.php?rest_route=%2Fwp%2Fv2%2Fcategories&post=3485"},{"taxonomy":"post_tag","embeddable":true,"href":"https:\/\/sp3.tuchola.pl\/wordpress\/index.php?rest_route=%2Fwp%2Fv2%2Ftags&post=3485"}],"curies":[{"name":"wp","href":"https:\/\/api.w.org\/{rel}","templated":true}]}}