{"id":3414,"date":"2016-10-09T13:53:46","date_gmt":"2016-10-09T11:53:46","guid":{"rendered":"http:\/\/sp3.tuchola.pl\/wordpress\/?p=3414"},"modified":"2016-10-09T13:53:46","modified_gmt":"2016-10-09T11:53:46","slug":"warsztaty-teatralne-06-10-2016","status":"publish","type":"post","link":"https:\/\/sp3.tuchola.pl\/wordpress\/?p=3414","title":{"rendered":"Warsztaty teatralne &#8211; 06.10.2016"},"content":{"rendered":"<p><a href=\"http:\/\/sp3.tuchola.pl\/wordpress\/wp-content\/uploads\/2016\/10\/D_K_002.jpg\"><img loading=\"lazy\" class=\"aligncenter size-medium wp-image-3415\" alt=\"D_K_002\" src=\"http:\/\/sp3.tuchola.pl\/wordpress\/wp-content\/uploads\/2016\/10\/D_K_002-300x199.jpg\" width=\"300\" height=\"199\" srcset=\"https:\/\/sp3.tuchola.pl\/wordpress\/wp-content\/uploads\/2016\/10\/D_K_002-300x199.jpg 300w, https:\/\/sp3.tuchola.pl\/wordpress\/wp-content\/uploads\/2016\/10\/D_K_002.jpg 880w\" sizes=\"(max-width: 300px) 100vw, 300px\" \/><\/a><\/p>\n<p style=\"text-align: justify;\">W czwartek 6 pa\u017adziernika nasz\u0105 szko\u0142\u0119 odwiedzi\u0142 Pan Dawid Kartaszewicz &#8211; aktor Teatru im. J. S\u0142owackiego w Krakowie, znany m. in. z wyst\u0119p\u00f3w w serialu &#8222;Barwy szcz\u0119\u015bcia&#8221;, kt\u00f3ry poprowadzi\u0142 warsztaty teatralne dla uczni\u00f3w z klas czwartych. Zaj\u0119cia by\u0142y bardzo ciekawe i da\u0142y dzieciom du\u017co rado\u015bci, gdy\u017c mog\u0142y si\u0119 nauczy\u0107, jak prawid\u0142owo pos\u0142ugiwa\u0107 si\u0119 swoim g\u0142osem, w jaki spos\u00f3b przedstawia\u0107 rozmaite emocje i \u0107wiczy\u0107 oddech.<\/p>\n<p>Zdj\u0119cia z warsztat\u00f3w mo\u017cna obejrze\u0107 w <a title=\"Warsztaty teatralne z Panem Dawidem Kartaszewiczem \u2013 06.10.2016\" href=\"http:\/\/sp3.tuchola.pl\/wordpress\/?page_id=3401\">galerii<\/a>.<\/p>\n","protected":false},"excerpt":{"rendered":"<p>W czwartek 6 pa\u017adziernika nasz\u0105 szko\u0142\u0119 odwiedzi\u0142 Pan Dawid Kartaszewicz &#8211; aktor Teatru im. J. S\u0142owackiego w Krakowie, znany m. in. z wyst\u0119p\u00f3w w serialu &#8222;Barwy szcz\u0119\u015bcia&#8221;, kt\u00f3ry poprowadzi\u0142 warsztaty teatralne dla uczni\u00f3w z klas czwartych. Zaj\u0119cia by\u0142y bardzo ciekawe i da\u0142y dzieciom du\u017co rado\u015bci, gdy\u017c mog\u0142y si\u0119 nauczy\u0107, jak prawid\u0142owo pos\u0142ugiwa\u0107 si\u0119 swoim g\u0142osem, [&hellip;]<\/p>\n","protected":false},"author":1,"featured_media":0,"comment_status":"closed","ping_status":"open","sticky":false,"template":"","format":"standard","meta":[],"categories":[1],"tags":[],"_links":{"self":[{"href":"https:\/\/sp3.tuchola.pl\/wordpress\/index.php?rest_route=\/wp\/v2\/posts\/3414"}],"collection":[{"href":"https:\/\/sp3.tuchola.pl\/wordpress\/index.php?rest_route=\/wp\/v2\/posts"}],"about":[{"href":"https:\/\/sp3.tuchola.pl\/wordpress\/index.php?rest_route=\/wp\/v2\/types\/post"}],"author":[{"embeddable":true,"href":"https:\/\/sp3.tuchola.pl\/wordpress\/index.php?rest_route=\/wp\/v2\/users\/1"}],"replies":[{"embeddable":true,"href":"https:\/\/sp3.tuchola.pl\/wordpress\/index.php?rest_route=%2Fwp%2Fv2%2Fcomments&post=3414"}],"version-history":[{"count":1,"href":"https:\/\/sp3.tuchola.pl\/wordpress\/index.php?rest_route=\/wp\/v2\/posts\/3414\/revisions"}],"predecessor-version":[{"id":3416,"href":"https:\/\/sp3.tuchola.pl\/wordpress\/index.php?rest_route=\/wp\/v2\/posts\/3414\/revisions\/3416"}],"wp:attachment":[{"href":"https:\/\/sp3.tuchola.pl\/wordpress\/index.php?rest_route=%2Fwp%2Fv2%2Fmedia&parent=3414"}],"wp:term":[{"taxonomy":"category","embeddable":true,"href":"https:\/\/sp3.tuchola.pl\/wordpress\/index.php?rest_route=%2Fwp%2Fv2%2Fcategories&post=3414"},{"taxonomy":"post_tag","embeddable":true,"href":"https:\/\/sp3.tuchola.pl\/wordpress\/index.php?rest_route=%2Fwp%2Fv2%2Ftags&post=3414"}],"curies":[{"name":"wp","href":"https:\/\/api.w.org\/{rel}","templated":true}]}}