{"id":3393,"date":"2016-10-06T17:51:01","date_gmt":"2016-10-06T15:51:01","guid":{"rendered":"http:\/\/sp3.tuchola.pl\/wordpress\/?p=3393"},"modified":"2016-10-06T17:51:01","modified_gmt":"2016-10-06T15:51:01","slug":"ix-bieg-kasztelanski-29-09-2016-r","status":"publish","type":"post","link":"https:\/\/sp3.tuchola.pl\/wordpress\/?p=3393","title":{"rendered":"IX Bieg Kasztela\u0144ski &#8211; 29.09.2016 r."},"content":{"rendered":"<p><a href=\"http:\/\/sp3.tuchola.pl\/wordpress\/wp-content\/uploads\/2016\/10\/bk_011.jpg\"><img loading=\"lazy\" class=\"aligncenter size-medium wp-image-3395\" alt=\"bk_01\" src=\"http:\/\/sp3.tuchola.pl\/wordpress\/wp-content\/uploads\/2016\/10\/bk_011-300x216.jpg\" width=\"300\" height=\"216\" srcset=\"https:\/\/sp3.tuchola.pl\/wordpress\/wp-content\/uploads\/2016\/10\/bk_011-300x216.jpg 300w, https:\/\/sp3.tuchola.pl\/wordpress\/wp-content\/uploads\/2016\/10\/bk_011.jpg 750w\" sizes=\"(max-width: 300px) 100vw, 300px\" \/><\/a><\/p>\n<p>W tegorocznym Biegu Kasztela\u0144skim wzi\u0119\u0142a udzia\u0142 du\u017ca grupa uczni\u00f3w z naszej szko\u0142y. Zaj\u0119li oni nast\u0119puj\u0105ce miejsca:<\/p>\n<p style=\"text-align: center;\"><em>300 m \u2013 bieg ch\u0142opc\u00f3w rocznik 2010<\/em><br \/>\n<strong>Szymon Wamka &#8211; II miejsce<\/strong><br \/>\n<em>300 m \u2013 bieg dziewcz\u0105t rocznik 2009<\/em><br \/>\n<strong>Laura Jastrzembska &#8211; I miejsce<\/strong><br \/>\n<em>300 m \u2013 bieg ch\u0142opc\u00f3w rocznik 2009<\/em><br \/>\n<strong>Cyprian \u0141apka &#8211; III miejsce<\/strong><br \/>\n<strong>Nikodem Grabowski &#8211; V miejsce<\/strong><br \/>\n<em>600 m \u2013 bieg ch\u0142opc\u00f3w rocznik 2007<\/em><br \/>\n<strong>Filip Kaszycki &#8211; VI miejsce<\/strong><br \/>\n<strong>Adrian Guz &#8211; VII miejsce<\/strong><br \/>\n<em>600 m \u2013 bieg dziewcz\u0105t rocznik 2006<\/em><br \/>\n<strong>Weronika Piwo\u0144ska &#8211; I miejsce<\/strong><br \/>\n<strong>Alicja Szyma\u0144ska &#8211; II miejsce<\/strong><br \/>\n<strong>Laura Steffer &#8211; IV miejsce<\/strong><br \/>\n<em>600 m \u2013 bieg ch\u0142opc\u00f3w rocznik 2006<\/em><br \/>\n<strong>Pawe\u0142 Pilarczyk &#8211; III miejsce<\/strong><br \/>\n<em>600 m \u2013 bieg ch\u0142opc\u00f3w rocznik 2005 i 2004<\/em><br \/>\n<strong>Miko\u0142aj Szonszor &#8211; I miejsce<\/strong><br \/>\n<strong>Dominik Janowicz &#8211; II miejsce<\/strong><br \/>\n<strong>Remigiusz Winiarski &#8211; XII miejsce<\/strong><br \/>\n<strong>Oskar Kruczkowski &#8211; XIII miejsce<\/strong><br \/>\n<em>400 m \u2013 bieg dziewcz\u0105t rocznik 2008<\/em><br \/>\n<strong>Jagoda Kania &#8211; II miejsce<\/strong><br \/>\n<strong>Agata Pipowska &#8211; XI miejsce<\/strong><br \/>\n<em>400 m \u2013 bieg ch\u0142opc\u00f3w rocznik 2008<\/em><br \/>\n<strong>Brajan Kempi\u0144ski &#8211; VII miejsce<\/strong><br \/>\n<strong>J\u0119drzej Jaworski &#8211; IX miejsce<\/strong><\/p>\n<p>Wszystkim uczestnikom dzi\u0119kujemy reprezentowanie naszej szko\u0142y, a zwyci\u0119zcom gratulujemy!<\/p>\n\n\t\t<style type=\"text\/css\">\n\t\t\t#gallery-1 {\n\t\t\t\tmargin: auto;\n\t\t\t}\n\t\t\t#gallery-1 .gallery-item {\n\t\t\t\tfloat: left;\n\t\t\t\tmargin-top: 10px;\n\t\t\t\ttext-align: center;\n\t\t\t\twidth: 25%;\n\t\t\t}\n\t\t\t#gallery-1 img {\n\t\t\t\tborder: 2px solid #cfcfcf;\n\t\t\t}\n\t\t\t#gallery-1 .gallery-caption {\n\t\t\t\tmargin-left: 0;\n\t\t\t}\n\t\t\t\/* see gallery_shortcode() in wp-includes\/media.php *\/\n\t\t<\/style>\n\t\t<div id='gallery-1' class='gallery galleryid-3393 gallery-columns-4 gallery-size-thumbnail'><dl class='gallery-item'>\n\t\t\t<dt class='gallery-icon landscape'>\n\t\t\t\t<a href='https:\/\/sp3.tuchola.pl\/wordpress\/?attachment_id=3396'><img width=\"150\" height=\"150\" src=\"https:\/\/sp3.tuchola.pl\/wordpress\/wp-content\/uploads\/2016\/10\/bk_02-150x150.jpg\" class=\"attachment-thumbnail size-thumbnail\" alt=\"\" loading=\"lazy\" \/><\/a>\n\t\t\t<\/dt><\/dl><dl class='gallery-item'>\n\t\t\t<dt class='gallery-icon landscape'>\n\t\t\t\t<a href='https:\/\/sp3.tuchola.pl\/wordpress\/?attachment_id=3397'><img width=\"150\" height=\"150\" src=\"https:\/\/sp3.tuchola.pl\/wordpress\/wp-content\/uploads\/2016\/10\/bk_03-150x150.jpg\" class=\"attachment-thumbnail size-thumbnail\" alt=\"\" loading=\"lazy\" \/><\/a>\n\t\t\t<\/dt><\/dl><dl class='gallery-item'>\n\t\t\t<dt class='gallery-icon landscape'>\n\t\t\t\t<a href='https:\/\/sp3.tuchola.pl\/wordpress\/?attachment_id=3398'><img width=\"150\" height=\"150\" src=\"https:\/\/sp3.tuchola.pl\/wordpress\/wp-content\/uploads\/2016\/10\/bk_04-150x150.jpg\" class=\"attachment-thumbnail size-thumbnail\" alt=\"\" loading=\"lazy\" \/><\/a>\n\t\t\t<\/dt><\/dl><dl class='gallery-item'>\n\t\t\t<dt class='gallery-icon landscape'>\n\t\t\t\t<a href='https:\/\/sp3.tuchola.pl\/wordpress\/?attachment_id=3399'><img width=\"150\" height=\"150\" src=\"https:\/\/sp3.tuchola.pl\/wordpress\/wp-content\/uploads\/2016\/10\/bk_05-150x150.jpg\" class=\"attachment-thumbnail size-thumbnail\" alt=\"\" loading=\"lazy\" \/><\/a>\n\t\t\t<\/dt><\/dl><br style=\"clear: both\" \/>\n\t\t<\/div>\n\n<p style=\"text-align: center;\"><em>Fot: M. Mikulska<\/em><\/p>\n","protected":false},"excerpt":{"rendered":"<p>W tegorocznym Biegu Kasztela\u0144skim wzi\u0119\u0142a udzia\u0142 du\u017ca grupa uczni\u00f3w z naszej szko\u0142y. Zaj\u0119li oni nast\u0119puj\u0105ce miejsca: 300 m \u2013 bieg ch\u0142opc\u00f3w rocznik 2010 Szymon Wamka &#8211; II miejsce 300 m \u2013 bieg dziewcz\u0105t rocznik 2009 Laura Jastrzembska &#8211; I miejsce 300 m \u2013 bieg ch\u0142opc\u00f3w rocznik 2009 Cyprian \u0141apka &#8211; III miejsce Nikodem Grabowski &#8211; [&hellip;]<\/p>\n","protected":false},"author":1,"featured_media":0,"comment_status":"closed","ping_status":"open","sticky":false,"template":"","format":"standard","meta":[],"categories":[1],"tags":[],"_links":{"self":[{"href":"https:\/\/sp3.tuchola.pl\/wordpress\/index.php?rest_route=\/wp\/v2\/posts\/3393"}],"collection":[{"href":"https:\/\/sp3.tuchola.pl\/wordpress\/index.php?rest_route=\/wp\/v2\/posts"}],"about":[{"href":"https:\/\/sp3.tuchola.pl\/wordpress\/index.php?rest_route=\/wp\/v2\/types\/post"}],"author":[{"embeddable":true,"href":"https:\/\/sp3.tuchola.pl\/wordpress\/index.php?rest_route=\/wp\/v2\/users\/1"}],"replies":[{"embeddable":true,"href":"https:\/\/sp3.tuchola.pl\/wordpress\/index.php?rest_route=%2Fwp%2Fv2%2Fcomments&post=3393"}],"version-history":[{"count":1,"href":"https:\/\/sp3.tuchola.pl\/wordpress\/index.php?rest_route=\/wp\/v2\/posts\/3393\/revisions"}],"predecessor-version":[{"id":3400,"href":"https:\/\/sp3.tuchola.pl\/wordpress\/index.php?rest_route=\/wp\/v2\/posts\/3393\/revisions\/3400"}],"wp:attachment":[{"href":"https:\/\/sp3.tuchola.pl\/wordpress\/index.php?rest_route=%2Fwp%2Fv2%2Fmedia&parent=3393"}],"wp:term":[{"taxonomy":"category","embeddable":true,"href":"https:\/\/sp3.tuchola.pl\/wordpress\/index.php?rest_route=%2Fwp%2Fv2%2Fcategories&post=3393"},{"taxonomy":"post_tag","embeddable":true,"href":"https:\/\/sp3.tuchola.pl\/wordpress\/index.php?rest_route=%2Fwp%2Fv2%2Ftags&post=3393"}],"curies":[{"name":"wp","href":"https:\/\/api.w.org\/{rel}","templated":true}]}}