{"id":9133,"date":"2020-11-10T17:26:00","date_gmt":"2020-11-10T16:26:00","guid":{"rendered":"http:\/\/sp3.tuchola.pl\/wordpress\/?p=9133"},"modified":"2020-11-12T17:26:35","modified_gmt":"2020-11-12T16:26:35","slug":"9133","status":"publish","type":"post","link":"http:\/\/sp3.tuchola.pl\/wordpress\/?p=9133","title":{"rendered":""},"content":{"rendered":"\n<figure class=\"wp-block-image size-large is-resized\"><img loading=\"lazy\" src=\"http:\/\/sp3.tuchola.pl\/wordpress\/wp-content\/uploads\/2020\/11\/pm.jpg\" alt=\"Przedszkolaki \u015bpiewaj\u0105 hymn.\" class=\"wp-image-9134\" width=\"320\" height=\"438\" srcset=\"http:\/\/sp3.tuchola.pl\/wordpress\/wp-content\/uploads\/2020\/11\/pm.jpg 640w, http:\/\/sp3.tuchola.pl\/wordpress\/wp-content\/uploads\/2020\/11\/pm-219x300.jpg 219w\" sizes=\"(max-width: 320px) 100vw, 320px\" \/><\/figure>\n\n\n\n<p>Kto ty jeste\u015b? Polak ma\u0142y&#8230;<br>Piel\u0119gnuj\u0105c polskie tradycje dzieci z grupy przedszkolnej 0B uczci\u0142y rocznic\u0119 odzyskania przez nasz kraj niepodleg\u0142o\u015bci. O godzinie 11.11 wzi\u0119\u0142y udzia\u0142 w og\u00f3lnopolskiej akcji &#8221; Szko\u0142a, przedszkole do hymnu&#8221; i wraz z paniami od\u015bpiewa\u0142y &#8222;Mazurka D\u0105browskiego&#8221;.<\/p>\n","protected":false},"excerpt":{"rendered":"<p>Kto ty jeste\u015b? Polak ma\u0142y&#8230;Piel\u0119gnuj\u0105c polskie tradycje dzieci z grupy przedszkolnej 0B uczci\u0142y rocznic\u0119 odzyskania przez nasz kraj niepodleg\u0142o\u015bci. O godzinie 11.11 wzi\u0119\u0142y udzia\u0142 w og\u00f3lnopolskiej akcji &#8221; Szko\u0142a, przedszkole do hymnu&#8221; i wraz z paniami od\u015bpiewa\u0142y &#8222;Mazurka D\u0105browskiego&#8221;.<\/p>\n","protected":false},"author":1,"featured_media":0,"comment_status":"closed","ping_status":"open","sticky":false,"template":"","format":"standard","meta":[],"categories":[1],"tags":[],"_links":{"self":[{"href":"http:\/\/sp3.tuchola.pl\/wordpress\/index.php?rest_route=\/wp\/v2\/posts\/9133"}],"collection":[{"href":"http:\/\/sp3.tuchola.pl\/wordpress\/index.php?rest_route=\/wp\/v2\/posts"}],"about":[{"href":"http:\/\/sp3.tuchola.pl\/wordpress\/index.php?rest_route=\/wp\/v2\/types\/post"}],"author":[{"embeddable":true,"href":"http:\/\/sp3.tuchola.pl\/wordpress\/index.php?rest_route=\/wp\/v2\/users\/1"}],"replies":[{"embeddable":true,"href":"http:\/\/sp3.tuchola.pl\/wordpress\/index.php?rest_route=%2Fwp%2Fv2%2Fcomments&post=9133"}],"version-history":[{"count":2,"href":"http:\/\/sp3.tuchola.pl\/wordpress\/index.php?rest_route=\/wp\/v2\/posts\/9133\/revisions"}],"predecessor-version":[{"id":9136,"href":"http:\/\/sp3.tuchola.pl\/wordpress\/index.php?rest_route=\/wp\/v2\/posts\/9133\/revisions\/9136"}],"wp:attachment":[{"href":"http:\/\/sp3.tuchola.pl\/wordpress\/index.php?rest_route=%2Fwp%2Fv2%2Fmedia&parent=9133"}],"wp:term":[{"taxonomy":"category","embeddable":true,"href":"http:\/\/sp3.tuchola.pl\/wordpress\/index.php?rest_route=%2Fwp%2Fv2%2Fcategories&post=9133"},{"taxonomy":"post_tag","embeddable":true,"href":"http:\/\/sp3.tuchola.pl\/wordpress\/index.php?rest_route=%2Fwp%2Fv2%2Ftags&post=9133"}],"curies":[{"name":"wp","href":"https:\/\/api.w.org\/{rel}","templated":true}]}}