{"id":9120,"date":"2020-11-10T08:45:00","date_gmt":"2020-11-10T07:45:00","guid":{"rendered":"http:\/\/sp3.tuchola.pl\/wordpress\/?p=9120"},"modified":"2020-11-10T08:45:01","modified_gmt":"2020-11-10T07:45:01","slug":"kartka-urodzinowa-dla-pluszowego-misia-konkurs-plastyczny","status":"publish","type":"post","link":"http:\/\/sp3.tuchola.pl\/wordpress\/?p=9120","title":{"rendered":"Kartka urodzinowa dla Pluszowego Misia &#8211; konkurs plastyczny"},"content":{"rendered":"\n<div class=\"wp-block-image\"><figure class=\"aligncenter size-large is-resized\"><img loading=\"lazy\" src=\"http:\/\/sp3.tuchola.pl\/wordpress\/wp-content\/uploads\/2020\/11\/konkurs.jpg\" alt=\"Konkurs plastyczny\" class=\"wp-image-9121\" width=\"263\" height=\"262\" srcset=\"http:\/\/sp3.tuchola.pl\/wordpress\/wp-content\/uploads\/2020\/11\/konkurs.jpg 526w, http:\/\/sp3.tuchola.pl\/wordpress\/wp-content\/uploads\/2020\/11\/konkurs-300x300.jpg 300w, http:\/\/sp3.tuchola.pl\/wordpress\/wp-content\/uploads\/2020\/11\/konkurs-150x150.jpg 150w\" sizes=\"(max-width: 263px) 100vw, 263px\" \/><\/figure><\/div>\n\n\n\n<p>II gminny konkurs plastyczny dla przedszkoli i oddzia\u0142\u00f3w przedszkolnych przy szko\u0142ach podstawowych pt. &#8222;Kartka urodzinowa dla Pluszowego Misia&#8221; w ramach obchod\u00f3w \u015awiatowego Dnia Pluszowego Misia.<br>CELEM KONKURSU JEST:<\/p>\n\n\n\n<ul><li>rozwijanie wyobra\u017ani i inwencji tw\u00f3rczej dzieci,<\/li><li>kszta\u0142towanie umiej\u0119tno\u015bci wykorzystania r\u00f3\u017cnorodnych materia\u0142\u00f3w i technik plastycznych,<\/li><li>nawi\u0105zanie do \u015awiatowego Dnia Pluszowego Misia i r\u00f3\u017cnych sposob\u00f3w celebrowania tego wyj\u0105tkowego \u015bwi\u0119ta i solenizanta- Pluszowego Misia.<br>REGULAMIN KONKURSU:<\/li><\/ul>\n\n\n\n<ol><li>Konkurs przeznaczony jest dla dzieci 3- 6- letnich z przedszkoli i oddzia\u0142\u00f3w przedszkolnych przy szko\u0142ach podstawowych gminy Tuchola.<\/li><li>Format pracy dowolny, orientacja pozioma (w formie laurki).<\/li><li>Technika p\u0142aska, dowolna.<\/li><li>Ka\u017cda praca powinna by\u0107 wykonana samodzielnie przez jednego wychowanka.<\/li><li>Ka\u017cda plac\u00f3wka powinna dostarczy\u0107 maksymalnie do 5 prac w ka\u017cdej grupie wiekowej.<\/li><li>Prace nale\u017cy sk\u0142ada\u0107 lub przesy\u0142a\u0107 do 18 listopada 2020 r. na adres:<br>Szko\u0142a Podstawowa nr 3 im. Miko\u0142aja Kopernika , ul. Pocztowa 10, 89-500 Tuchola z dopiskiem: \u201eKonkurs \u2013 Kartka urodzinowa dla Pluszowego Misia\u201d.<br>Wyniki konkursu zostan\u0105 opublikowane na stronie sp3.tuchola.pl i na profilu fb szko\u0142y 20 listopada 2020 r.<\/li><li>Kryteria oceny prac: oryginalno\u015b\u0107, samodzielno\u015b\u0107, estetyka oraz r\u00f3\u017cnorodno\u015b\u0107 wykorzystanych materia\u0142\u00f3w plastycznych.<\/li><li>Ka\u017cda praca powinna mie\u0107 na odwrocie metryczk\u0119, kt\u00f3ra b\u0119dzie zawiera\u0107: imi\u0119 i nazwisko autora pracy, wiek, nazw\u0119 i dok\u0142adny adres plac\u00f3wki, telefon, imi\u0119 i nazwisko nauczyciela\/ opiekuna.<\/li><li>Nades\u0142ane prace przechodz\u0105 na w\u0142asno\u015b\u0107 organizatora<br>i eksponowane b\u0119d\u0105 w galerii w holu Szko\u0142y Podstawowej nr 3 im. Miko\u0142aja Kopernika w Tucholi w dniach 23- 27 listopada 2020 r.<\/li><li>Udzia\u0142 w konkursie jest r\u00f3wnoznaczny z wyra\u017ceniem zgody na prezentacj\u0119 prac oraz danych autora dla potrzeb konkursu.<\/li><li>W konkursie przewidziane s\u0105 nagrody i dyplomy dla laureat\u00f3w, kt\u00f3re zostan\u0105 przes\u0142ane poczt\u0105 ze wzgl\u0119du na sytuacj\u0119 epidemiologiczn\u0105.<\/li><\/ol>\n\n\n\n<div class=\"wp-block-file\"><a href=\"http:\/\/sp3.tuchola.pl\/wordpress\/wp-content\/uploads\/2020\/11\/KOKURS-II-edycja-new.odt\">Karta zg\u0142oszenia i regulamin<\/a><a href=\"http:\/\/sp3.tuchola.pl\/wordpress\/wp-content\/uploads\/2020\/11\/KOKURS-II-edycja-new.odt\" class=\"wp-block-file__button\" download>Pobierz<\/a><\/div>\n","protected":false},"excerpt":{"rendered":"<p>II gminny konkurs plastyczny dla przedszkoli i oddzia\u0142\u00f3w przedszkolnych przy szko\u0142ach podstawowych pt. &#8222;Kartka urodzinowa dla Pluszowego Misia&#8221; w ramach obchod\u00f3w \u015awiatowego Dnia Pluszowego Misia.CELEM KONKURSU JEST: rozwijanie wyobra\u017ani i inwencji tw\u00f3rczej dzieci, kszta\u0142towanie umiej\u0119tno\u015bci wykorzystania r\u00f3\u017cnorodnych materia\u0142\u00f3w i technik plastycznych, nawi\u0105zanie do \u015awiatowego Dnia Pluszowego Misia i r\u00f3\u017cnych sposob\u00f3w celebrowania tego wyj\u0105tkowego \u015bwi\u0119ta i [&hellip;]<\/p>\n","protected":false},"author":1,"featured_media":0,"comment_status":"closed","ping_status":"open","sticky":false,"template":"","format":"standard","meta":[],"categories":[1],"tags":[],"_links":{"self":[{"href":"http:\/\/sp3.tuchola.pl\/wordpress\/index.php?rest_route=\/wp\/v2\/posts\/9120"}],"collection":[{"href":"http:\/\/sp3.tuchola.pl\/wordpress\/index.php?rest_route=\/wp\/v2\/posts"}],"about":[{"href":"http:\/\/sp3.tuchola.pl\/wordpress\/index.php?rest_route=\/wp\/v2\/types\/post"}],"author":[{"embeddable":true,"href":"http:\/\/sp3.tuchola.pl\/wordpress\/index.php?rest_route=\/wp\/v2\/users\/1"}],"replies":[{"embeddable":true,"href":"http:\/\/sp3.tuchola.pl\/wordpress\/index.php?rest_route=%2Fwp%2Fv2%2Fcomments&post=9120"}],"version-history":[{"count":2,"href":"http:\/\/sp3.tuchola.pl\/wordpress\/index.php?rest_route=\/wp\/v2\/posts\/9120\/revisions"}],"predecessor-version":[{"id":9124,"href":"http:\/\/sp3.tuchola.pl\/wordpress\/index.php?rest_route=\/wp\/v2\/posts\/9120\/revisions\/9124"}],"wp:attachment":[{"href":"http:\/\/sp3.tuchola.pl\/wordpress\/index.php?rest_route=%2Fwp%2Fv2%2Fmedia&parent=9120"}],"wp:term":[{"taxonomy":"category","embeddable":true,"href":"http:\/\/sp3.tuchola.pl\/wordpress\/index.php?rest_route=%2Fwp%2Fv2%2Fcategories&post=9120"},{"taxonomy":"post_tag","embeddable":true,"href":"http:\/\/sp3.tuchola.pl\/wordpress\/index.php?rest_route=%2Fwp%2Fv2%2Ftags&post=9120"}],"curies":[{"name":"wp","href":"https:\/\/api.w.org\/{rel}","templated":true}]}}