{"id":9085,"date":"2020-10-22T13:26:36","date_gmt":"2020-10-22T11:26:36","guid":{"rendered":"http:\/\/sp3.tuchola.pl\/wordpress\/?p=9085"},"modified":"2020-10-22T13:26:38","modified_gmt":"2020-10-22T11:26:38","slug":"pasowanie-na-ucznia-2","status":"publish","type":"post","link":"http:\/\/sp3.tuchola.pl\/wordpress\/?p=9085","title":{"rendered":"Pasowanie na ucznia"},"content":{"rendered":"\n<div class=\"wp-block-image\"><figure class=\"aligncenter size-large\"><img loading=\"lazy\" width=\"800\" height=\"450\" src=\"http:\/\/sp3.tuchola.pl\/wordpress\/wp-content\/uploads\/2020\/10\/Pasowanie.jpg\" alt=\"Pasowanie na ucznia\" class=\"wp-image-9087\" srcset=\"http:\/\/sp3.tuchola.pl\/wordpress\/wp-content\/uploads\/2020\/10\/Pasowanie.jpg 800w, http:\/\/sp3.tuchola.pl\/wordpress\/wp-content\/uploads\/2020\/10\/Pasowanie-300x169.jpg 300w, http:\/\/sp3.tuchola.pl\/wordpress\/wp-content\/uploads\/2020\/10\/Pasowanie-768x432.jpg 768w\" sizes=\"(max-width: 800px) 100vw, 800px\" \/><\/figure><\/div>\n\n\n\n<p>W \u015brod\u0119, 21 pa\u017adziernika odby\u0142a si\u0119 wa\u017cna uroczysto\u015b\u0107 -Pasowanie na ucznia. Dzieci przygotowywa\u0142y si\u0119 do niej od pocz\u0105tku roku szkolnego. Uczy\u0142y si\u0119 dzielnie wierszy, piosenek i wytrwale \u0107wiczy\u0142y podczas pr\u00f3b. Tego dnia panowa\u0142a \u015bwi\u0105teczna atmosfera. Uczniowie ubrani w stroje galowe, dekoracja sceny -wszystko po to, aby mimo obecnej sytuacji epidemiologicznej \u015blubowanie pierwszak\u00f3w wypad\u0142o jak najbardziej uroczy\u015bcie. Najwa\u017cniejszym momentem by\u0142o z\u0142o\u017cenie przez dzieci uroczystego \u015blubowania oraz pasowanie na uczni\u00f3w, kt\u00f3rego dokona\u0142a Pani Wicedyrektor Sylwia Ko\u017cuch. W ten spos\u00f3b pierwszoklasi\u015bci zostali oficjalnie w\u0142\u0105czeni do grona Uczni\u00f3w Szko\u0142y Podstawowej im. Miko\u0142aja Kopernika w Tucholi.<\/p>\n\n\n\n<p>Zapraszamy na <a href=\"https:\/\/www.facebook.com\/permalink.php?story_fbid=789544524946115&amp;id=360191934548045\">szkolnego Facebooka<\/a>, gdzie mo\u017cna obejrze\u0107 zdj\u0119cia z uroczysto\u015bci.<\/p>\n","protected":false},"excerpt":{"rendered":"<p>W \u015brod\u0119, 21 pa\u017adziernika odby\u0142a si\u0119 wa\u017cna uroczysto\u015b\u0107 -Pasowanie na ucznia. Dzieci przygotowywa\u0142y si\u0119 do niej od pocz\u0105tku roku szkolnego. Uczy\u0142y si\u0119 dzielnie wierszy, piosenek i wytrwale \u0107wiczy\u0142y podczas pr\u00f3b. Tego dnia panowa\u0142a \u015bwi\u0105teczna atmosfera. Uczniowie ubrani w stroje galowe, dekoracja sceny -wszystko po to, aby mimo obecnej sytuacji epidemiologicznej \u015blubowanie pierwszak\u00f3w wypad\u0142o jak najbardziej [&hellip;]<\/p>\n","protected":false},"author":1,"featured_media":0,"comment_status":"closed","ping_status":"open","sticky":false,"template":"","format":"standard","meta":[],"categories":[1],"tags":[],"_links":{"self":[{"href":"http:\/\/sp3.tuchola.pl\/wordpress\/index.php?rest_route=\/wp\/v2\/posts\/9085"}],"collection":[{"href":"http:\/\/sp3.tuchola.pl\/wordpress\/index.php?rest_route=\/wp\/v2\/posts"}],"about":[{"href":"http:\/\/sp3.tuchola.pl\/wordpress\/index.php?rest_route=\/wp\/v2\/types\/post"}],"author":[{"embeddable":true,"href":"http:\/\/sp3.tuchola.pl\/wordpress\/index.php?rest_route=\/wp\/v2\/users\/1"}],"replies":[{"embeddable":true,"href":"http:\/\/sp3.tuchola.pl\/wordpress\/index.php?rest_route=%2Fwp%2Fv2%2Fcomments&post=9085"}],"version-history":[{"count":2,"href":"http:\/\/sp3.tuchola.pl\/wordpress\/index.php?rest_route=\/wp\/v2\/posts\/9085\/revisions"}],"predecessor-version":[{"id":9088,"href":"http:\/\/sp3.tuchola.pl\/wordpress\/index.php?rest_route=\/wp\/v2\/posts\/9085\/revisions\/9088"}],"wp:attachment":[{"href":"http:\/\/sp3.tuchola.pl\/wordpress\/index.php?rest_route=%2Fwp%2Fv2%2Fmedia&parent=9085"}],"wp:term":[{"taxonomy":"category","embeddable":true,"href":"http:\/\/sp3.tuchola.pl\/wordpress\/index.php?rest_route=%2Fwp%2Fv2%2Fcategories&post=9085"},{"taxonomy":"post_tag","embeddable":true,"href":"http:\/\/sp3.tuchola.pl\/wordpress\/index.php?rest_route=%2Fwp%2Fv2%2Ftags&post=9085"}],"curies":[{"name":"wp","href":"https:\/\/api.w.org\/{rel}","templated":true}]}}