{"id":8996,"date":"2020-10-08T15:22:56","date_gmt":"2020-10-08T13:22:56","guid":{"rendered":"http:\/\/sp3.tuchola.pl\/wordpress\/?p=8996"},"modified":"2020-10-08T15:25:12","modified_gmt":"2020-10-08T13:25:12","slug":"rozstrzygniecie-powiatowego-konkursu-plastycznego-pt-moj-ulubiony-bohater-ksiazkowy","status":"publish","type":"post","link":"http:\/\/sp3.tuchola.pl\/wordpress\/?p=8996","title":{"rendered":"ROZSTRZYGNI\u0118CIE POWIATOWEGO KONKURSU PLASTYCZNEGO PT: \u201eM\u00f3j ulubiony bohater ksi\u0105\u017ckowy\u201d"},"content":{"rendered":"\n<p>Z ogromn\u0105 przyjemno\u015bci\u0105 og\u0142aszamy wyniki POWIATOWEGO KONKURSU PLASTYCZNEGO pt.: \u201eM\u00f3j ulubiony bohater ksi\u0105\u017ckowy\u201d. Komisja konkursowa, w sk\u0142ad kt\u00f3rej weszli: pan Andrzej Giersz, pani Agnieszka Tyde oraz pani Renata Pacek, dokona\u0142a oceny zg\u0142oszonych prac do konkursu. Wyb\u00f3r by\u0142 bardzo trudny. Komisja bra\u0142a pod uwag\u0119: zgodno\u015b\u0107 z tematyk\u0105 konkursu, ciekawy pomys\u0142, oryginalno\u015b\u0107, samodzielno\u015b\u0107 wykonania, walory artystyczne oraz estetyk\u0119 wykonania.<\/p>\n\n\n\n<p>Wyniki konkursu przedstawiaj\u0105 si\u0119 nast\u0119puj\u0105co:<\/p>\n\n\n\n<p><strong>I kategoria wiekowa<\/strong> (dzieci trzyletnie, czteroletnie)<br>I miejsce: Igor \u017bmich<br>II miejsce: Jan Dzikowski<br>III miejsce: Mykhailo Piesik<\/p>\n\n\n\n<p><strong>Wyr\u00f3\u017cnienia:<\/strong><br>Lena Michalska<br>Alex Dreher<br>Weronika Pr\u0105dzinska<\/p>\n\n\n\n<p><strong>II kategoria wiekowa<\/strong> (dzieci pi\u0119cioletnie, sze\u015bcioletnie)<br>I miejsce: Filip Olszowy<br>II miejsce: Zofia Semrau<br>III miejsce: Julia Dzaszkowska<\/p>\n\n\n\n<p><strong>Wyr\u00f3\u017cnienia:<\/strong><br>Wiktoria Ciecierska<br>Lena Ko\u015bcielniak<br>Natasza Kiedrowska<\/p>\n\n\n\n<p>Serdecznie dzi\u0119kujemy wszystkim uczestnikom konkursu, a autorom nagodzonych prac z ca\u0142ego serca gratulujemy.<\/p>\n\n\n\n<p>Wr\u0119czenie nagr\u00f3d odb\u0119dzie si\u0119 w pi\u0105tek, 9.10.2020r. w holu Szko\u0142y Podstawowej nr 3<br>w Tucholi. Ze wzgl\u0119du na panuj\u0105c\u0105 pandemi\u0119, osoby nagrodzone w I kategorii wiekowej prosimy o przybycie o godz. 16.00, w drugiej kategorii wiekowej o godz. 16.30. Dziecko przychodzi z jednym Rodzicem lub Opiekunem w maseczkach.<\/p>\n\n\n\n<p>Serdecznie dzi\u0119kuj\u0119<br>Koordynator konkursu:<br>Marlena Radowska<\/p>\n","protected":false},"excerpt":{"rendered":"<p>Z ogromn\u0105 przyjemno\u015bci\u0105 og\u0142aszamy wyniki POWIATOWEGO KONKURSU PLASTYCZNEGO pt.: \u201eM\u00f3j ulubiony bohater ksi\u0105\u017ckowy\u201d. Komisja konkursowa, w sk\u0142ad kt\u00f3rej weszli: pan Andrzej Giersz, pani Agnieszka Tyde oraz pani Renata Pacek, dokona\u0142a oceny zg\u0142oszonych prac do konkursu. Wyb\u00f3r by\u0142 bardzo trudny. Komisja bra\u0142a pod uwag\u0119: zgodno\u015b\u0107 z tematyk\u0105 konkursu, ciekawy pomys\u0142, oryginalno\u015b\u0107, samodzielno\u015b\u0107 wykonania, walory artystyczne oraz [&hellip;]<\/p>\n","protected":false},"author":1,"featured_media":0,"comment_status":"closed","ping_status":"open","sticky":false,"template":"","format":"standard","meta":[],"categories":[1],"tags":[],"_links":{"self":[{"href":"http:\/\/sp3.tuchola.pl\/wordpress\/index.php?rest_route=\/wp\/v2\/posts\/8996"}],"collection":[{"href":"http:\/\/sp3.tuchola.pl\/wordpress\/index.php?rest_route=\/wp\/v2\/posts"}],"about":[{"href":"http:\/\/sp3.tuchola.pl\/wordpress\/index.php?rest_route=\/wp\/v2\/types\/post"}],"author":[{"embeddable":true,"href":"http:\/\/sp3.tuchola.pl\/wordpress\/index.php?rest_route=\/wp\/v2\/users\/1"}],"replies":[{"embeddable":true,"href":"http:\/\/sp3.tuchola.pl\/wordpress\/index.php?rest_route=%2Fwp%2Fv2%2Fcomments&post=8996"}],"version-history":[{"count":2,"href":"http:\/\/sp3.tuchola.pl\/wordpress\/index.php?rest_route=\/wp\/v2\/posts\/8996\/revisions"}],"predecessor-version":[{"id":8998,"href":"http:\/\/sp3.tuchola.pl\/wordpress\/index.php?rest_route=\/wp\/v2\/posts\/8996\/revisions\/8998"}],"wp:attachment":[{"href":"http:\/\/sp3.tuchola.pl\/wordpress\/index.php?rest_route=%2Fwp%2Fv2%2Fmedia&parent=8996"}],"wp:term":[{"taxonomy":"category","embeddable":true,"href":"http:\/\/sp3.tuchola.pl\/wordpress\/index.php?rest_route=%2Fwp%2Fv2%2Fcategories&post=8996"},{"taxonomy":"post_tag","embeddable":true,"href":"http:\/\/sp3.tuchola.pl\/wordpress\/index.php?rest_route=%2Fwp%2Fv2%2Ftags&post=8996"}],"curies":[{"name":"wp","href":"https:\/\/api.w.org\/{rel}","templated":true}]}}