{"id":8294,"date":"2019-12-19T08:04:00","date_gmt":"2019-12-19T07:04:00","guid":{"rendered":"http:\/\/sp3.tuchola.pl\/wordpress\/?p=8294"},"modified":"2019-12-19T21:04:42","modified_gmt":"2019-12-19T20:04:42","slug":"jaselka-w-zerowce","status":"publish","type":"post","link":"http:\/\/sp3.tuchola.pl\/wordpress\/?p=8294","title":{"rendered":"Jase\u0142ka w zer\u00f3wce"},"content":{"rendered":"\n<figure class=\"wp-block-image size-large\"><img loading=\"lazy\" width=\"1024\" height=\"576\" src=\"http:\/\/sp3.tuchola.pl\/wordpress\/wp-content\/uploads\/2019\/12\/VideoCapture_20191218-175752-1024x576.jpg\" alt=\"\" class=\"wp-image-8290\" srcset=\"http:\/\/sp3.tuchola.pl\/wordpress\/wp-content\/uploads\/2019\/12\/VideoCapture_20191218-175752-1024x576.jpg 1024w, http:\/\/sp3.tuchola.pl\/wordpress\/wp-content\/uploads\/2019\/12\/VideoCapture_20191218-175752-300x169.jpg 300w, http:\/\/sp3.tuchola.pl\/wordpress\/wp-content\/uploads\/2019\/12\/VideoCapture_20191218-175752-768x432.jpg 768w, http:\/\/sp3.tuchola.pl\/wordpress\/wp-content\/uploads\/2019\/12\/VideoCapture_20191218-175752.jpg 1280w\" sizes=\"(max-width: 1024px) 100vw, 1024px\" \/><\/figure>\n\n\n\n<p> Niecodzienna uroczysto\u015b\u0107 odby\u0142a si\u0119 w \u015brod\u0119, 18 grudnia po po\u0142udniu, w oddziale przedszkolnym sze\u015bciolatk\u00f3w. Dzieci zaprosi\u0142y rodzic\u00f3w na \u015bwi\u0105teczne spotkanie. G\u0142\u00f3wnym punktem programu by\u0142y JASE\u0141KA \u2013 tradycyjne widowisko o Bo\u017cym Narodzeniu znane od \u015bredniowiecza.<br>Godzinne przedstawienie wyre\u017cyserowa\u0142y wychowawczynie zer\u00f3wki \u2013 Panie: Ma\u0142gorzata Kowalska i Monika Pozorska. Wykona\u0142y r\u00f3wnie\u017c pi\u0119kn\u0105 dekoracj\u0119 okoliczno\u015bciow\u0105.<br>Dzieci wspaniale ubrane, odpowiednio do tre\u015bci, recytowa\u0142y wiersze, prezentowa\u0142y dialogi, \u015bpiewa\u0142y piosenki i kol\u0119dy, ta\u0144czy\u0142y. Ka\u017cde dziecko mia\u0142o swoj\u0105 rol\u0119. Rodzice z wielkim zainteresowaniem i wzruszeniem obserwowali swoje pociechy. Z zachwytem podziwiali dekoracje.<br>Po wyst\u0119pie by\u0142 pocz\u0119stunek dla rodzic\u00f3w \u2013 kawa i ciasto. Do dzieci przyby\u0142 \u015awi\u0119ty Miko\u0142aj i rozda\u0142 prezenty. Spotkanie up\u0142yn\u0119\u0142o w mi\u0142ej \u015bwi\u0105tecznej atmosferze.  Zapraszamy do ogl\u0105dania zdj\u0119\u0107 w <a href=\"http:\/\/sp3.tuchola.pl\/wordpress\/?page_id=8280\">galerii<\/a>.<\/p>\n","protected":false},"excerpt":{"rendered":"<p>Niecodzienna uroczysto\u015b\u0107 odby\u0142a si\u0119 w \u015brod\u0119, 18 grudnia po po\u0142udniu, w oddziale przedszkolnym sze\u015bciolatk\u00f3w. Dzieci zaprosi\u0142y rodzic\u00f3w na \u015bwi\u0105teczne spotkanie. G\u0142\u00f3wnym punktem programu by\u0142y JASE\u0141KA \u2013 tradycyjne widowisko o Bo\u017cym Narodzeniu znane od \u015bredniowiecza.Godzinne przedstawienie wyre\u017cyserowa\u0142y wychowawczynie zer\u00f3wki \u2013 Panie: Ma\u0142gorzata Kowalska i Monika Pozorska. Wykona\u0142y r\u00f3wnie\u017c pi\u0119kn\u0105 dekoracj\u0119 okoliczno\u015bciow\u0105.Dzieci wspaniale ubrane, odpowiednio do tre\u015bci, [&hellip;]<\/p>\n","protected":false},"author":1,"featured_media":0,"comment_status":"closed","ping_status":"open","sticky":false,"template":"","format":"standard","meta":[],"categories":[1],"tags":[],"_links":{"self":[{"href":"http:\/\/sp3.tuchola.pl\/wordpress\/index.php?rest_route=\/wp\/v2\/posts\/8294"}],"collection":[{"href":"http:\/\/sp3.tuchola.pl\/wordpress\/index.php?rest_route=\/wp\/v2\/posts"}],"about":[{"href":"http:\/\/sp3.tuchola.pl\/wordpress\/index.php?rest_route=\/wp\/v2\/types\/post"}],"author":[{"embeddable":true,"href":"http:\/\/sp3.tuchola.pl\/wordpress\/index.php?rest_route=\/wp\/v2\/users\/1"}],"replies":[{"embeddable":true,"href":"http:\/\/sp3.tuchola.pl\/wordpress\/index.php?rest_route=%2Fwp%2Fv2%2Fcomments&post=8294"}],"version-history":[{"count":1,"href":"http:\/\/sp3.tuchola.pl\/wordpress\/index.php?rest_route=\/wp\/v2\/posts\/8294\/revisions"}],"predecessor-version":[{"id":8295,"href":"http:\/\/sp3.tuchola.pl\/wordpress\/index.php?rest_route=\/wp\/v2\/posts\/8294\/revisions\/8295"}],"wp:attachment":[{"href":"http:\/\/sp3.tuchola.pl\/wordpress\/index.php?rest_route=%2Fwp%2Fv2%2Fmedia&parent=8294"}],"wp:term":[{"taxonomy":"category","embeddable":true,"href":"http:\/\/sp3.tuchola.pl\/wordpress\/index.php?rest_route=%2Fwp%2Fv2%2Fcategories&post=8294"},{"taxonomy":"post_tag","embeddable":true,"href":"http:\/\/sp3.tuchola.pl\/wordpress\/index.php?rest_route=%2Fwp%2Fv2%2Ftags&post=8294"}],"curies":[{"name":"wp","href":"https:\/\/api.w.org\/{rel}","templated":true}]}}