{"id":3991,"date":"2017-03-02T09:26:36","date_gmt":"2017-03-02T08:26:36","guid":{"rendered":"http:\/\/sp3.tuchola.pl\/wordpress\/?p=3991"},"modified":"2017-03-02T09:52:10","modified_gmt":"2017-03-02T08:52:10","slug":"flamenco-kwartet","status":"publish","type":"post","link":"http:\/\/sp3.tuchola.pl\/wordpress\/?p=3991","title":{"rendered":"Flamenco Kwartet"},"content":{"rendered":"<p><a href=\"http:\/\/sp3.tuchola.pl\/wordpress\/wp-content\/uploads\/2017\/03\/flamenco-13.jpg\"><img loading=\"lazy\" class=\"aligncenter size-medium wp-image-3992\" alt=\"flamenco-13\" src=\"http:\/\/sp3.tuchola.pl\/wordpress\/wp-content\/uploads\/2017\/03\/flamenco-13-200x300.jpg\" width=\"200\" height=\"300\" \/><\/a><\/p>\n<p style=\"text-align: justify;\">24 lutego wyst\u0105pi\u0142 w nasze szkole Flamenco Kwartet z \u0141odzi z programem <em>Cyga\u0144ska ksi\u0119\u017cniczka<\/em>, kt\u00f3ry umo\u017cliwi\u0142 dzieciom przyswojenie w przyst\u0119pny spos\u00f3b wiedzy o Hiszpanii i jej muzycznej kulturze. Uczniowie mogli r\u00f3wnie\u017c wzi\u0105\u0107 udzia\u0142 w wyst\u0119pie akompaniuj\u0105c artystom na instrumentach perkusyjnych oraz spr\u00f3bowa\u0107 swoich si\u0142 w ta\u0144cu. Zdj\u0119cia z wyst\u0119pu mo\u017cna obejrze\u0107 w <a title=\"Flamenco Kwartet \u2013 24.02.2017\" href=\"http:\/\/sp3.tuchola.pl\/wordpress\/?page_id=3995\">galerii<\/a>.<\/p>\n<p style=\"text-align: justify;\">\n","protected":false},"excerpt":{"rendered":"<p>24 lutego wyst\u0105pi\u0142 w nasze szkole Flamenco Kwartet z \u0141odzi z programem Cyga\u0144ska ksi\u0119\u017cniczka, kt\u00f3ry umo\u017cliwi\u0142 dzieciom przyswojenie w przyst\u0119pny spos\u00f3b wiedzy o Hiszpanii i jej muzycznej kulturze. Uczniowie mogli r\u00f3wnie\u017c wzi\u0105\u0107 udzia\u0142 w wyst\u0119pie akompaniuj\u0105c artystom na instrumentach perkusyjnych oraz spr\u00f3bowa\u0107 swoich si\u0142 w ta\u0144cu. Zdj\u0119cia z wyst\u0119pu mo\u017cna obejrze\u0107 w galerii.<\/p>\n","protected":false},"author":1,"featured_media":0,"comment_status":"closed","ping_status":"open","sticky":false,"template":"","format":"standard","meta":[],"categories":[1],"tags":[],"_links":{"self":[{"href":"http:\/\/sp3.tuchola.pl\/wordpress\/index.php?rest_route=\/wp\/v2\/posts\/3991"}],"collection":[{"href":"http:\/\/sp3.tuchola.pl\/wordpress\/index.php?rest_route=\/wp\/v2\/posts"}],"about":[{"href":"http:\/\/sp3.tuchola.pl\/wordpress\/index.php?rest_route=\/wp\/v2\/types\/post"}],"author":[{"embeddable":true,"href":"http:\/\/sp3.tuchola.pl\/wordpress\/index.php?rest_route=\/wp\/v2\/users\/1"}],"replies":[{"embeddable":true,"href":"http:\/\/sp3.tuchola.pl\/wordpress\/index.php?rest_route=%2Fwp%2Fv2%2Fcomments&post=3991"}],"version-history":[{"count":3,"href":"http:\/\/sp3.tuchola.pl\/wordpress\/index.php?rest_route=\/wp\/v2\/posts\/3991\/revisions"}],"predecessor-version":[{"id":4027,"href":"http:\/\/sp3.tuchola.pl\/wordpress\/index.php?rest_route=\/wp\/v2\/posts\/3991\/revisions\/4027"}],"wp:attachment":[{"href":"http:\/\/sp3.tuchola.pl\/wordpress\/index.php?rest_route=%2Fwp%2Fv2%2Fmedia&parent=3991"}],"wp:term":[{"taxonomy":"category","embeddable":true,"href":"http:\/\/sp3.tuchola.pl\/wordpress\/index.php?rest_route=%2Fwp%2Fv2%2Fcategories&post=3991"},{"taxonomy":"post_tag","embeddable":true,"href":"http:\/\/sp3.tuchola.pl\/wordpress\/index.php?rest_route=%2Fwp%2Fv2%2Ftags&post=3991"}],"curies":[{"name":"wp","href":"https:\/\/api.w.org\/{rel}","templated":true}]}}