{"id":3980,"date":"2017-02-28T10:03:21","date_gmt":"2017-02-28T09:03:21","guid":{"rendered":"http:\/\/sp3.tuchola.pl\/wordpress\/?p=3980"},"modified":"2017-02-28T10:04:21","modified_gmt":"2017-02-28T09:04:21","slug":"dni-patrona-szkoly-2","status":"publish","type":"post","link":"http:\/\/sp3.tuchola.pl\/wordpress\/?p=3980","title":{"rendered":"Dni Patrona Szko\u0142y"},"content":{"rendered":"<p style=\"text-align: justify;\"><a href=\"http:\/\/sp3.tuchola.pl\/wordpress\/wp-content\/uploads\/2017\/02\/dps00.jpg\"><img loading=\"lazy\" class=\"aligncenter size-medium wp-image-3981\" alt=\"dps00\" src=\"http:\/\/sp3.tuchola.pl\/wordpress\/wp-content\/uploads\/2017\/02\/dps00-300x220.jpg\" width=\"300\" height=\"220\" srcset=\"http:\/\/sp3.tuchola.pl\/wordpress\/wp-content\/uploads\/2017\/02\/dps00-300x220.jpg 300w, http:\/\/sp3.tuchola.pl\/wordpress\/wp-content\/uploads\/2017\/02\/dps00.jpg 600w\" sizes=\"(max-width: 300px) 100vw, 300px\" \/><\/a><\/p>\n<p style=\"text-align: justify;\">19 lutego 1473 roku urodzi\u0142 si\u0119 Miko\u0142aj Kopernik. Z tej okazji nasza szko\u0142a co roku obchodzi Dni Patrona Szko\u0142y, podczas kt\u00f3rych odbywaj\u0105 si\u0119 rozmaite konkursy maj\u0105ce na celu przybli\u017cenie uczniom sylwetki s\u0142ynnego astronoma. W tym roku zadaniem ka\u017cdej klasy by\u0142o wykonanie okoliczno\u015bciowej gazetki, dzieci z klas 0 &#8211; IV przygotowa\u0142y dodatkowe prace plastyczne (plakaty, portrety), a uczniowie z klas V i VI wzi\u0119li udzia\u0142 w konkursie wiedzy o s\u0142ynnych odkrywcach i astronomii.<\/p>\n<p>\n\t\t<style type=\"text\/css\">\n\t\t\t#gallery-1 {\n\t\t\t\tmargin: auto;\n\t\t\t}\n\t\t\t#gallery-1 .gallery-item {\n\t\t\t\tfloat: left;\n\t\t\t\tmargin-top: 10px;\n\t\t\t\ttext-align: center;\n\t\t\t\twidth: 33%;\n\t\t\t}\n\t\t\t#gallery-1 img {\n\t\t\t\tborder: 2px solid #cfcfcf;\n\t\t\t}\n\t\t\t#gallery-1 .gallery-caption {\n\t\t\t\tmargin-left: 0;\n\t\t\t}\n\t\t\t\/* see gallery_shortcode() in wp-includes\/media.php *\/\n\t\t<\/style>\n\t\t<div id='gallery-1' class='gallery galleryid-3980 gallery-columns-3 gallery-size-thumbnail'><dl class='gallery-item'>\n\t\t\t<dt class='gallery-icon landscape'>\n\t\t\t\t<a href='http:\/\/sp3.tuchola.pl\/wordpress\/?attachment_id=3982'><img width=\"150\" height=\"150\" src=\"http:\/\/sp3.tuchola.pl\/wordpress\/wp-content\/uploads\/2017\/02\/dps03-150x150.jpg\" class=\"attachment-thumbnail size-thumbnail\" alt=\"\" loading=\"lazy\" \/><\/a>\n\t\t\t<\/dt><\/dl><dl class='gallery-item'>\n\t\t\t<dt class='gallery-icon landscape'>\n\t\t\t\t<a href='http:\/\/sp3.tuchola.pl\/wordpress\/?attachment_id=3983'><img width=\"150\" height=\"150\" src=\"http:\/\/sp3.tuchola.pl\/wordpress\/wp-content\/uploads\/2017\/02\/dps01-150x150.jpg\" class=\"attachment-thumbnail size-thumbnail\" alt=\"\" loading=\"lazy\" \/><\/a>\n\t\t\t<\/dt><\/dl><dl class='gallery-item'>\n\t\t\t<dt class='gallery-icon landscape'>\n\t\t\t\t<a href='http:\/\/sp3.tuchola.pl\/wordpress\/?attachment_id=3984'><img width=\"150\" height=\"150\" src=\"http:\/\/sp3.tuchola.pl\/wordpress\/wp-content\/uploads\/2017\/02\/dps02-150x150.jpg\" class=\"attachment-thumbnail size-thumbnail\" alt=\"\" loading=\"lazy\" \/><\/a>\n\t\t\t<\/dt><\/dl><br style=\"clear: both\" \/>\n\t\t<\/div>\n<br \/>\nWyniki konkurs\u00f3w:<\/p>\n<p style=\"text-align: center;\"><strong> KONKURS PLASTYCZNY DLA KLAS 0:<\/strong><br \/>\n<strong> RAMKA DO PORTRETU MIKO\u0141AJA KOPERNIKA<\/strong><br \/>\n<strong>I miejsce<\/strong><br \/>\nKacper Sontowski 0a<br \/>\nJakub Tyde 0b<br \/>\n<strong>II miejsce<\/strong><br \/>\nMirsell Cemka-NIkolov 0b<br \/>\nSzymon Zieli\u0144ski 0a<br \/>\n<strong>III miejsce<\/strong><br \/>\nEmilia Wytr\u0105\u017cek 0a<br \/>\nWyr\u00f3\u017cnienia:<br \/>\nMarcel Winiarski 0b<br \/>\nMaja Skaja 0a<br \/>\nAngelika Suchomska 0a<br \/>\n<strong>KONKURS PLASTYCZNY DLA KLAS I:<\/strong><br \/>\n<strong> KOLOROWANKA Z RAMK\u0104- PORTRET MIKO\u0141AJA KOPERNIKA<\/strong><br \/>\n<strong>I miejsce<\/strong><br \/>\nAgata Schulz Ib<br \/>\nAmelia Szonszor Ia<br \/>\n<strong>II miejsce<\/strong><br \/>\nMichalina Dudziak Ib<br \/>\nBrajan Brucki Ib<br \/>\n<strong>III miejsce<\/strong><br \/>\nWiktoria Berendt Ia<br \/>\nWyr\u00f3\u017cnienie:<br \/>\nOliwia K\u0119dzierska Ia<br \/>\nZofia Lebioda 1a<br \/>\n<strong>KONKURS PLASTYCZNY DLA KLAS II:<\/strong><br \/>\n<strong> PORTRET MIKO\u0141AJA KOPERNIKA<\/strong><br \/>\n<strong>I miejsce<\/strong><br \/>\nMaja Kwasigroch IIb<br \/>\nAxel Twardowski IId<br \/>\n<strong>II miejsce<\/strong><br \/>\nPatrycja Borucka IIc<br \/>\nOliwia Meyer IIe<br \/>\n<strong>III miejsce<\/strong><br \/>\nWiktoria Spycha\u0142 IIe<br \/>\nOliwier Goncerzewicz IId<br \/>\n<strong>Wyr\u00f3\u017cnienia:<\/strong><br \/>\nMicha\u0142 Gwizda\u0142a IIc<br \/>\nJulia Walczak IIc<br \/>\nAgata Palkowska IId<br \/>\n<strong>KONKURS DLA DLA KLAS III:<\/strong><br \/>\n<strong> ALBUM &#8222;MIKO\u0141AJ KOPERNIK \u2013 PATRON NASZEJ SZKO\u0141Y&#8221;<\/strong><br \/>\n<strong>I miejsce<\/strong><br \/>\nJuliusz Donarski IIIa<br \/>\nLena Jasnoch i Nina K\u0142osowska kl.IIIb<br \/>\nAgata Majnert IIId<br \/>\n<strong>II miejsce<\/strong><br \/>\nMilena Dudziak IIIa<br \/>\nJakub Sontowski IIId<br \/>\n<strong>III miejsce<\/strong><br \/>\nAmelia Mews IIIa<br \/>\nBartosz Nowakowski IIId<br \/>\n<strong>Wyr\u00f3\u017cnienia:<\/strong><br \/>\nJakub Bloch IIIa<br \/>\nZofia Modzi\u0144ska IIId<br \/>\nMiko\u0142aj Zimorski IIIc<br \/>\n<strong>KONKURS PLASTYCZNY DLA KLAS IV:<\/strong><br \/>\n<strong> MIASTO Z \u017bYCIA KOPERNIKA NA PLAKACIE<\/strong><br \/>\n<strong>I miejsce<\/strong><br \/>\nAntonina Karnowska i Karolina Pozorska kl.IVa<br \/>\n<strong>II miejsce<\/strong><br \/>\nOliwia Berezicka IVa<br \/>\nZuzanna Lomnic IVa<br \/>\n<strong>III miejsce<\/strong><br \/>\nNadia Cimcioch IVb<br \/>\nKlaudia Altmann IVa<br \/>\nPatrycja Tyda IVa<br \/>\nKajetan Donarski IVb<br \/>\n<strong>KONKURS WIEDZY DLA KLAS V:<\/strong><br \/>\n<strong>&#8222;O ODKRYWCACH&#8221;<\/strong><br \/>\n<strong>I miejsce<\/strong><br \/>\nStanis\u0142aw Umi\u0144ski Vb<br \/>\nLena Or\u0142owska Va<br \/>\n<strong>II miejsce<\/strong><br \/>\nAleksandra Zimorska Va<br \/>\nRemigiusz Winiarski Va<br \/>\n<strong>Wyr\u00f3\u017cnienia:<\/strong><br \/>\nOlga Gazi\u0144ska Vb<br \/>\nKinga Hass Vb<br \/>\n<strong>KONKURS WIEDZY DLA KLAS VI:<\/strong><br \/>\n<strong>&#8222;WSP\u00d3\u0141CZESNA ASTRONOMIA&#8221;<\/strong><br \/>\n<strong>I miejsce<\/strong><br \/>\nMagda Pierzchalska VI c<br \/>\n<strong>II miejsce<\/strong><br \/>\nZofia Chrobot VIc<br \/>\n<strong>III miejsce<\/strong><br \/>\nJulia Nielek VIb<br \/>\nPiotr Kutnik VIa<br \/>\nBartosz Rozynkowski VIc<\/p>\n<p style=\"text-align: left;\">Wszystkim zwyci\u0119zcom serdecznie gratulujemy!<\/p>\n","protected":false},"excerpt":{"rendered":"<p>19 lutego 1473 roku urodzi\u0142 si\u0119 Miko\u0142aj Kopernik. Z tej okazji nasza szko\u0142a co roku obchodzi Dni Patrona Szko\u0142y, podczas kt\u00f3rych odbywaj\u0105 si\u0119 rozmaite konkursy maj\u0105ce na celu przybli\u017cenie uczniom sylwetki s\u0142ynnego astronoma. W tym roku zadaniem ka\u017cdej klasy by\u0142o wykonanie okoliczno\u015bciowej gazetki, dzieci z klas 0 &#8211; IV przygotowa\u0142y dodatkowe prace plastyczne (plakaty, portrety), [&hellip;]<\/p>\n","protected":false},"author":1,"featured_media":0,"comment_status":"closed","ping_status":"open","sticky":false,"template":"","format":"standard","meta":[],"categories":[1],"tags":[],"_links":{"self":[{"href":"http:\/\/sp3.tuchola.pl\/wordpress\/index.php?rest_route=\/wp\/v2\/posts\/3980"}],"collection":[{"href":"http:\/\/sp3.tuchola.pl\/wordpress\/index.php?rest_route=\/wp\/v2\/posts"}],"about":[{"href":"http:\/\/sp3.tuchola.pl\/wordpress\/index.php?rest_route=\/wp\/v2\/types\/post"}],"author":[{"embeddable":true,"href":"http:\/\/sp3.tuchola.pl\/wordpress\/index.php?rest_route=\/wp\/v2\/users\/1"}],"replies":[{"embeddable":true,"href":"http:\/\/sp3.tuchola.pl\/wordpress\/index.php?rest_route=%2Fwp%2Fv2%2Fcomments&post=3980"}],"version-history":[{"count":6,"href":"http:\/\/sp3.tuchola.pl\/wordpress\/index.php?rest_route=\/wp\/v2\/posts\/3980\/revisions"}],"predecessor-version":[{"id":3990,"href":"http:\/\/sp3.tuchola.pl\/wordpress\/index.php?rest_route=\/wp\/v2\/posts\/3980\/revisions\/3990"}],"wp:attachment":[{"href":"http:\/\/sp3.tuchola.pl\/wordpress\/index.php?rest_route=%2Fwp%2Fv2%2Fmedia&parent=3980"}],"wp:term":[{"taxonomy":"category","embeddable":true,"href":"http:\/\/sp3.tuchola.pl\/wordpress\/index.php?rest_route=%2Fwp%2Fv2%2Fcategories&post=3980"},{"taxonomy":"post_tag","embeddable":true,"href":"http:\/\/sp3.tuchola.pl\/wordpress\/index.php?rest_route=%2Fwp%2Fv2%2Ftags&post=3980"}],"curies":[{"name":"wp","href":"https:\/\/api.w.org\/{rel}","templated":true}]}}