{"id":3810,"date":"2019-12-19T08:55:00","date_gmt":"2019-12-19T07:55:00","guid":{"rendered":"http:\/\/sp3.tuchola.pl\/wordpress\/?p=3810"},"modified":"2019-12-19T21:05:10","modified_gmt":"2019-12-19T20:05:10","slug":"3810","status":"publish","type":"post","link":"http:\/\/sp3.tuchola.pl\/wordpress\/?p=3810","title":{"rendered":""},"content":{"rendered":"<p>&nbsp;<\/p>\n<p><a href=\"http:\/\/sp3.tuchola.pl\/wordpress\/wp-content\/uploads\/2014\/12\/swieta1.gif\"><img loading=\"lazy\" class=\"aligncenter size-full wp-image-1883\" alt=\"swieta1\" src=\"http:\/\/sp3.tuchola.pl\/wordpress\/wp-content\/uploads\/2014\/12\/swieta1.gif\" width=\"680\" height=\"22\"><\/a><img loading=\"lazy\" class=\"aligncenter size-medium wp-image-1884\" alt=\"swieta\" src=\"http:\/\/sp3.tuchola.pl\/wordpress\/wp-content\/uploads\/2014\/12\/swieta-300x222.jpg\" width=\"300\" height=\"222\" srcset=\"http:\/\/sp3.tuchola.pl\/wordpress\/wp-content\/uploads\/2014\/12\/swieta-300x222.jpg 300w, http:\/\/sp3.tuchola.pl\/wordpress\/wp-content\/uploads\/2014\/12\/swieta.jpg 374w\" sizes=\"(max-width: 300px) 100vw, 300px\" \/><\/p>\n<p style=\"text-align: center;\"><span style=\"color: #333399;\"><strong><em>P\u0142yn\u0105ce z serca \u017cyczenia pokoju, mi\u0142o\u015bci i rado\u015bci<\/em><\/strong><\/span><br \/>\n<span style=\"color: #333399;\"><strong> <em> z okazji \u015awi\u0105t Bo\u017cego Narodzenia<\/em><\/strong><\/span><br \/>\n<span style=\"color: #333399;\"><strong> <em> oraz nadchodz\u0105cego Nowego Roku<\/em><\/strong><\/span><br \/>\n<span style=\"color: #333399;\"><strong> <em> sk\u0142adaj\u0105 uczniowie i pracownicy szko\u0142y.<\/em><\/strong><\/span><\/p>\n<p><a href=\"http:\/\/sp3.tuchola.pl\/wordpress\/wp-content\/uploads\/2014\/12\/swieta1.gif\"><img loading=\"lazy\" class=\"aligncenter size-full wp-image-1883\" alt=\"swieta1\" src=\"http:\/\/sp3.tuchola.pl\/wordpress\/wp-content\/uploads\/2014\/12\/swieta1.gif\" width=\"680\" height=\"22\"><\/a><\/p>\n","protected":false},"excerpt":{"rendered":"<p>&nbsp; P\u0142yn\u0105ce z serca \u017cyczenia pokoju, mi\u0142o\u015bci i rado\u015bci z okazji \u015awi\u0105t Bo\u017cego Narodzenia oraz nadchodz\u0105cego Nowego Roku sk\u0142adaj\u0105 uczniowie i pracownicy szko\u0142y.<\/p>\n","protected":false},"author":1,"featured_media":0,"comment_status":"closed","ping_status":"open","sticky":false,"template":"","format":"standard","meta":[],"categories":[1],"tags":[],"_links":{"self":[{"href":"http:\/\/sp3.tuchola.pl\/wordpress\/index.php?rest_route=\/wp\/v2\/posts\/3810"}],"collection":[{"href":"http:\/\/sp3.tuchola.pl\/wordpress\/index.php?rest_route=\/wp\/v2\/posts"}],"about":[{"href":"http:\/\/sp3.tuchola.pl\/wordpress\/index.php?rest_route=\/wp\/v2\/types\/post"}],"author":[{"embeddable":true,"href":"http:\/\/sp3.tuchola.pl\/wordpress\/index.php?rest_route=\/wp\/v2\/users\/1"}],"replies":[{"embeddable":true,"href":"http:\/\/sp3.tuchola.pl\/wordpress\/index.php?rest_route=%2Fwp%2Fv2%2Fcomments&post=3810"}],"version-history":[{"count":7,"href":"http:\/\/sp3.tuchola.pl\/wordpress\/index.php?rest_route=\/wp\/v2\/posts\/3810\/revisions"}],"predecessor-version":[{"id":8270,"href":"http:\/\/sp3.tuchola.pl\/wordpress\/index.php?rest_route=\/wp\/v2\/posts\/3810\/revisions\/8270"}],"wp:attachment":[{"href":"http:\/\/sp3.tuchola.pl\/wordpress\/index.php?rest_route=%2Fwp%2Fv2%2Fmedia&parent=3810"}],"wp:term":[{"taxonomy":"category","embeddable":true,"href":"http:\/\/sp3.tuchola.pl\/wordpress\/index.php?rest_route=%2Fwp%2Fv2%2Fcategories&post=3810"},{"taxonomy":"post_tag","embeddable":true,"href":"http:\/\/sp3.tuchola.pl\/wordpress\/index.php?rest_route=%2Fwp%2Fv2%2Ftags&post=3810"}],"curies":[{"name":"wp","href":"https:\/\/api.w.org\/{rel}","templated":true}]}}