{"id":3384,"date":"2016-09-27T07:55:59","date_gmt":"2016-09-27T05:55:59","guid":{"rendered":"http:\/\/sp3.tuchola.pl\/wordpress\/?p=3384"},"modified":"2016-09-27T07:55:59","modified_gmt":"2016-09-27T05:55:59","slug":"informacja-dla-rodzicowopiekunow","status":"publish","type":"post","link":"http:\/\/sp3.tuchola.pl\/wordpress\/?p=3384","title":{"rendered":"Informacja dla rodzic\u00f3w\/opiekun\u00f3w"},"content":{"rendered":"<p>Klasowe zebrania z rodzicami \u2013 wywiad\u00f3wki<br \/>\nodb\u0119d\u0105 si\u0119 we wtorek 4 pa\u017adziernika 2016 r:<br \/>\nw klasach 0 \u2013 III o godzinie 17.00,<br \/>\nw klasach IV \u2013 VI o godzinie 18.00.<br \/>\nWyj\u0105tki:<br \/>\nw klasie Ia oraz w klasie Ib zebrania odb\u0119d\u0105 si\u0119 w poniedzia\u0142ek 3 pa\u017adziernika 2016 r. o godzinie 17.00<\/p>\n","protected":false},"excerpt":{"rendered":"<p>Klasowe zebrania z rodzicami \u2013 wywiad\u00f3wki odb\u0119d\u0105 si\u0119 we wtorek 4 pa\u017adziernika 2016 r: w klasach 0 \u2013 III o godzinie 17.00, w klasach IV \u2013 VI o godzinie 18.00. Wyj\u0105tki: w klasie Ia oraz w klasie Ib zebrania odb\u0119d\u0105 si\u0119 w poniedzia\u0142ek 3 pa\u017adziernika 2016 r. o godzinie 17.00<\/p>\n","protected":false},"author":1,"featured_media":0,"comment_status":"closed","ping_status":"open","sticky":false,"template":"","format":"standard","meta":[],"categories":[1],"tags":[],"_links":{"self":[{"href":"http:\/\/sp3.tuchola.pl\/wordpress\/index.php?rest_route=\/wp\/v2\/posts\/3384"}],"collection":[{"href":"http:\/\/sp3.tuchola.pl\/wordpress\/index.php?rest_route=\/wp\/v2\/posts"}],"about":[{"href":"http:\/\/sp3.tuchola.pl\/wordpress\/index.php?rest_route=\/wp\/v2\/types\/post"}],"author":[{"embeddable":true,"href":"http:\/\/sp3.tuchola.pl\/wordpress\/index.php?rest_route=\/wp\/v2\/users\/1"}],"replies":[{"embeddable":true,"href":"http:\/\/sp3.tuchola.pl\/wordpress\/index.php?rest_route=%2Fwp%2Fv2%2Fcomments&post=3384"}],"version-history":[{"count":2,"href":"http:\/\/sp3.tuchola.pl\/wordpress\/index.php?rest_route=\/wp\/v2\/posts\/3384\/revisions"}],"predecessor-version":[{"id":3386,"href":"http:\/\/sp3.tuchola.pl\/wordpress\/index.php?rest_route=\/wp\/v2\/posts\/3384\/revisions\/3386"}],"wp:attachment":[{"href":"http:\/\/sp3.tuchola.pl\/wordpress\/index.php?rest_route=%2Fwp%2Fv2%2Fmedia&parent=3384"}],"wp:term":[{"taxonomy":"category","embeddable":true,"href":"http:\/\/sp3.tuchola.pl\/wordpress\/index.php?rest_route=%2Fwp%2Fv2%2Fcategories&post=3384"},{"taxonomy":"post_tag","embeddable":true,"href":"http:\/\/sp3.tuchola.pl\/wordpress\/index.php?rest_route=%2Fwp%2Fv2%2Ftags&post=3384"}],"curies":[{"name":"wp","href":"https:\/\/api.w.org\/{rel}","templated":true}]}}