{"id":3308,"date":"2016-05-23T15:13:57","date_gmt":"2016-05-23T13:13:57","guid":{"rendered":"http:\/\/sp3.tuchola.pl\/wordpress\/?p=3308"},"modified":"2016-05-24T11:33:49","modified_gmt":"2016-05-24T09:33:49","slug":"potrojny-sukces-trojki","status":"publish","type":"post","link":"http:\/\/sp3.tuchola.pl\/wordpress\/?p=3308","title":{"rendered":"Potr\u00f3jny sukces \u201eTr\u00f3jki\u201d!"},"content":{"rendered":"<p><a href=\"http:\/\/sp3.tuchola.pl\/wordpress\/wp-content\/uploads\/2016\/05\/ant_00.jpg\"><img loading=\"lazy\" class=\"aligncenter size-medium wp-image-3309\" alt=\"ant_00\" src=\"http:\/\/sp3.tuchola.pl\/wordpress\/wp-content\/uploads\/2016\/05\/ant_00-300x180.jpg\" width=\"300\" height=\"180\" srcset=\"http:\/\/sp3.tuchola.pl\/wordpress\/wp-content\/uploads\/2016\/05\/ant_00-300x180.jpg 300w, http:\/\/sp3.tuchola.pl\/wordpress\/wp-content\/uploads\/2016\/05\/ant_00.jpg 750w\" sizes=\"(max-width: 300px) 100vw, 300px\" \/><\/a><\/p>\n<p style=\"text-align: justify;\"><strong>Grupa Teatralna \u201eTr\u00f3jka\u201d \u2013 reprezentuj\u0105ca nasz\u0105 szko\u0142\u0119 \u2013 zaj\u0119\u0142a I miejsce podczas III Mi\u0119dzywojew\u00f3dzkiego Przegl\u0105du Inscenizacji Teatralnych \u201eAnton\u00f3wka\u201d, kt\u00f3ry odby\u0142 si\u0119 dnia 13.05.2016 r. w KINOTEATRZE ADRIA w Bydgoszczy.<\/strong><br \/>\n<strong> Nasi arty\u015bci wygrali r\u00f3wnie\u017c dwie poprzednie edycje tego konkursu, zatem to ju\u017c trzeci z rz\u0119du ich sukces.<\/strong><br \/>\nOstatni przegl\u0105d zosta\u0142 podzielony na dwa etapy. Najpierw jury ocenia\u0142o nades\u0142ane fragmenty spektaklu. Do konkursu \u0142\u0105cznie zg\u0142osi\u0142o si\u0119 27 zespo\u0142\u00f3w teatralnych, z czego do II etapu (fina\u0142u) zakwalifikowa\u0142o si\u0119 12.<br \/>\nNad ca\u0142o\u015bci\u0105 czuwa\u0142y (jak co roku) Panie \u2013 Lidia G\u00f3ral i Sylwia Ko\u017cuch, kt\u00f3re dodatkowo otrzyma\u0142y nagrod\u0119 za re\u017cyseri\u0119. Tym razem przygotowa\u0142y w formie kabaretowej przedstawienie pt. \u201eDziwna choroba\u201d. Dotyczy\u0142o ono zasad zdrowego od\u017cywiania i walki z oty\u0142o\u015bci\u0105. Forma i zakres tematyczny by\u0142y narzucone przez organizatora przegl\u0105du, czyli Agencj\u0119 Rynku Rolnego \u2013 Oddzia\u0142 Terenowy w Bydgoszczy.<br \/>\nTrzon ekipy stanowi\u0105 uczniowie z klasy IVa, kt\u00f3rzy ju\u017c trzeci raz wyst\u0119powali w \u201eAnton\u00f3wce\u201d: Malwina Serafinowicz, Lena Or\u0142owska, Aleksandra Zimorska, Weronika Tyda, Maja Markiewicz, Mi\u0142osz Serowiecki, Wawrzyniec Chylewski i Kacper K\u0105dziela-Niemczewski. Dwa wyst\u0119py w przegl\u0105dzie ma za sob\u0105 Kinga Klafetka z VIa, a w tym roku po raz pierwszy do zespo\u0142u do\u0142\u0105czyli: Marta Janowska i Igor Do\u0144czyk (oboje z Id) oraz Oliwia Wegner reprezentuj\u0105ca Vb.<br \/>\n<strong>Wszystkim gratulujemy i \u017cyczymy dalszych sukces\u00f3w!<\/strong><\/p>\n<p style=\"text-align: justify;\"><a href=\"http:\/\/sp3.tuchola.pl\/wordpress\/wp-content\/uploads\/2016\/05\/ant_01.jpg\"><img loading=\"lazy\" class=\"aligncenter size-medium wp-image-3310\" alt=\"ant_01\" src=\"http:\/\/sp3.tuchola.pl\/wordpress\/wp-content\/uploads\/2016\/05\/ant_01-300x120.jpg\" width=\"300\" height=\"120\" srcset=\"http:\/\/sp3.tuchola.pl\/wordpress\/wp-content\/uploads\/2016\/05\/ant_01-300x120.jpg 300w, http:\/\/sp3.tuchola.pl\/wordpress\/wp-content\/uploads\/2016\/05\/ant_01.jpg 900w\" sizes=\"(max-width: 300px) 100vw, 300px\" \/><\/a><\/p>\n<p style=\"text-align: justify;\">\n\n\t\t<style type=\"text\/css\">\n\t\t\t#gallery-1 {\n\t\t\t\tmargin: auto;\n\t\t\t}\n\t\t\t#gallery-1 .gallery-item {\n\t\t\t\tfloat: left;\n\t\t\t\tmargin-top: 10px;\n\t\t\t\ttext-align: center;\n\t\t\t\twidth: 33%;\n\t\t\t}\n\t\t\t#gallery-1 img {\n\t\t\t\tborder: 2px solid #cfcfcf;\n\t\t\t}\n\t\t\t#gallery-1 .gallery-caption {\n\t\t\t\tmargin-left: 0;\n\t\t\t}\n\t\t\t\/* see gallery_shortcode() in wp-includes\/media.php *\/\n\t\t<\/style>\n\t\t<div id='gallery-1' class='gallery galleryid-3308 gallery-columns-3 gallery-size-thumbnail'><dl class='gallery-item'>\n\t\t\t<dt class='gallery-icon landscape'>\n\t\t\t\t<a href='http:\/\/sp3.tuchola.pl\/wordpress\/?attachment_id=3312'><img width=\"150\" height=\"150\" src=\"http:\/\/sp3.tuchola.pl\/wordpress\/wp-content\/uploads\/2016\/05\/a_06-150x150.jpg\" class=\"attachment-thumbnail size-thumbnail\" alt=\"\" loading=\"lazy\" \/><\/a>\n\t\t\t<\/dt><\/dl><dl class='gallery-item'>\n\t\t\t<dt class='gallery-icon landscape'>\n\t\t\t\t<a href='http:\/\/sp3.tuchola.pl\/wordpress\/?attachment_id=3313'><img width=\"150\" height=\"150\" src=\"http:\/\/sp3.tuchola.pl\/wordpress\/wp-content\/uploads\/2016\/05\/a_01-150x150.jpg\" class=\"attachment-thumbnail size-thumbnail\" alt=\"\" loading=\"lazy\" \/><\/a>\n\t\t\t<\/dt><\/dl><dl class='gallery-item'>\n\t\t\t<dt class='gallery-icon landscape'>\n\t\t\t\t<a href='http:\/\/sp3.tuchola.pl\/wordpress\/?attachment_id=3314'><img width=\"150\" height=\"150\" src=\"http:\/\/sp3.tuchola.pl\/wordpress\/wp-content\/uploads\/2016\/05\/a_02-150x150.jpg\" class=\"attachment-thumbnail size-thumbnail\" alt=\"\" loading=\"lazy\" \/><\/a>\n\t\t\t<\/dt><\/dl><br style=\"clear: both\" \/><dl class='gallery-item'>\n\t\t\t<dt class='gallery-icon landscape'>\n\t\t\t\t<a href='http:\/\/sp3.tuchola.pl\/wordpress\/?attachment_id=3315'><img width=\"150\" height=\"150\" src=\"http:\/\/sp3.tuchola.pl\/wordpress\/wp-content\/uploads\/2016\/05\/a_03-150x150.jpg\" class=\"attachment-thumbnail size-thumbnail\" alt=\"\" loading=\"lazy\" \/><\/a>\n\t\t\t<\/dt><\/dl><dl class='gallery-item'>\n\t\t\t<dt class='gallery-icon landscape'>\n\t\t\t\t<a href='http:\/\/sp3.tuchola.pl\/wordpress\/?attachment_id=3316'><img width=\"150\" height=\"150\" src=\"http:\/\/sp3.tuchola.pl\/wordpress\/wp-content\/uploads\/2016\/05\/a_04-150x150.jpg\" class=\"attachment-thumbnail size-thumbnail\" alt=\"\" loading=\"lazy\" \/><\/a>\n\t\t\t<\/dt><\/dl><dl class='gallery-item'>\n\t\t\t<dt class='gallery-icon landscape'>\n\t\t\t\t<a href='http:\/\/sp3.tuchola.pl\/wordpress\/?attachment_id=3317'><img width=\"150\" height=\"150\" src=\"http:\/\/sp3.tuchola.pl\/wordpress\/wp-content\/uploads\/2016\/05\/a_05-150x150.jpg\" class=\"attachment-thumbnail size-thumbnail\" alt=\"\" loading=\"lazy\" \/><\/a>\n\t\t\t<\/dt><\/dl><br style=\"clear: both\" \/>\n\t\t<\/div>\n\n","protected":false},"excerpt":{"rendered":"<p>Grupa Teatralna \u201eTr\u00f3jka\u201d \u2013 reprezentuj\u0105ca nasz\u0105 szko\u0142\u0119 \u2013 zaj\u0119\u0142a I miejsce podczas III Mi\u0119dzywojew\u00f3dzkiego Przegl\u0105du Inscenizacji Teatralnych \u201eAnton\u00f3wka\u201d, kt\u00f3ry odby\u0142 si\u0119 dnia 13.05.2016 r. w KINOTEATRZE ADRIA w Bydgoszczy. Nasi arty\u015bci wygrali r\u00f3wnie\u017c dwie poprzednie edycje tego konkursu, zatem to ju\u017c trzeci z rz\u0119du ich sukces. Ostatni przegl\u0105d zosta\u0142 podzielony na dwa etapy. Najpierw jury [&hellip;]<\/p>\n","protected":false},"author":1,"featured_media":0,"comment_status":"closed","ping_status":"open","sticky":false,"template":"","format":"standard","meta":[],"categories":[1],"tags":[],"_links":{"self":[{"href":"http:\/\/sp3.tuchola.pl\/wordpress\/index.php?rest_route=\/wp\/v2\/posts\/3308"}],"collection":[{"href":"http:\/\/sp3.tuchola.pl\/wordpress\/index.php?rest_route=\/wp\/v2\/posts"}],"about":[{"href":"http:\/\/sp3.tuchola.pl\/wordpress\/index.php?rest_route=\/wp\/v2\/types\/post"}],"author":[{"embeddable":true,"href":"http:\/\/sp3.tuchola.pl\/wordpress\/index.php?rest_route=\/wp\/v2\/users\/1"}],"replies":[{"embeddable":true,"href":"http:\/\/sp3.tuchola.pl\/wordpress\/index.php?rest_route=%2Fwp%2Fv2%2Fcomments&post=3308"}],"version-history":[{"count":3,"href":"http:\/\/sp3.tuchola.pl\/wordpress\/index.php?rest_route=\/wp\/v2\/posts\/3308\/revisions"}],"predecessor-version":[{"id":3319,"href":"http:\/\/sp3.tuchola.pl\/wordpress\/index.php?rest_route=\/wp\/v2\/posts\/3308\/revisions\/3319"}],"wp:attachment":[{"href":"http:\/\/sp3.tuchola.pl\/wordpress\/index.php?rest_route=%2Fwp%2Fv2%2Fmedia&parent=3308"}],"wp:term":[{"taxonomy":"category","embeddable":true,"href":"http:\/\/sp3.tuchola.pl\/wordpress\/index.php?rest_route=%2Fwp%2Fv2%2Fcategories&post=3308"},{"taxonomy":"post_tag","embeddable":true,"href":"http:\/\/sp3.tuchola.pl\/wordpress\/index.php?rest_route=%2Fwp%2Fv2%2Ftags&post=3308"}],"curies":[{"name":"wp","href":"https:\/\/api.w.org\/{rel}","templated":true}]}}