{"id":3263,"date":"2016-04-28T08:53:50","date_gmt":"2016-04-28T06:53:50","guid":{"rendered":"http:\/\/sp3.tuchola.pl\/wordpress\/?p=3263"},"modified":"2016-04-28T08:53:50","modified_gmt":"2016-04-28T06:53:50","slug":"3263","status":"publish","type":"post","link":"http:\/\/sp3.tuchola.pl\/wordpress\/?p=3263","title":{"rendered":""},"content":{"rendered":"<p style=\"text-align: center;\"><a href=\"http:\/\/sp3.tuchola.pl\/wordpress\/wp-content\/uploads\/2016\/04\/kp_l_2016_04.jpg\"><img loading=\"lazy\" class=\"aligncenter size-medium wp-image-3266\" alt=\"kp_l_2016_04\" src=\"http:\/\/sp3.tuchola.pl\/wordpress\/wp-content\/uploads\/2016\/04\/kp_l_2016_04-180x300.jpg\" width=\"180\" height=\"300\" srcset=\"http:\/\/sp3.tuchola.pl\/wordpress\/wp-content\/uploads\/2016\/04\/kp_l_2016_04-180x300.jpg 180w, http:\/\/sp3.tuchola.pl\/wordpress\/wp-content\/uploads\/2016\/04\/kp_l_2016_04.jpg 450w\" sizes=\"(max-width: 180px) 100vw, 180px\" \/><\/a><\/p>\n<p style=\"text-align: center;\">22 kwietnia 2016 r. w Legb\u0105dzie odby\u0142o si\u0119 uroczyste podsumowanie<br \/>\n<strong><span style=\"color: #008000;\">XIII Gminnego Konkursu Plastycznego WIOSNA W BORACH TUCHOLSKICH<\/span><\/strong><br \/>\n<strong> <span style=\"color: #000080;\">\u201ePtaki i inne wiosenne zwierzaki\u201d.<\/span><\/strong><\/p>\n<p style=\"text-align: justify;\">Organizatorem konkursu by\u0142a Szko\u0142a Podstawowa w Legb\u0105dzie, a wsp\u00f3\u0142organizatorem Nadle\u015bnictwo Woziwoda.\u00a0Sze\u015b\u0107 os\u00f3b z naszej szko\u0142y zaproszono\u00a0na uroczysto\u015b\u0107 wr\u0119czenia nagr\u00f3d i dyplom\u00f3w.<\/p>\n<p style=\"text-align: justify;\">OTO LISTA NAGRODZONYCH<br \/>\n<strong>Kategoria klas 0-I<\/strong><br \/>\nII miejsce \u2013 Agata Palkowska z klasy Id<br \/>\n<strong>Kategoria klas II \u2013 III<\/strong><br \/>\nI miejsce \u2013 Karolina Pozorska z klasy IIIa<br \/>\nII miejsce \u2013 Alicja Szyma\u0144ska z klasy IIIa<br \/>\nWyr\u00f3\u017cnienie \u2013 Patrycja Szyma\u0144ska z klasy IIc<br \/>\n<strong>Kategoria klas IV- VI<\/strong><br \/>\nII miejsce\u2013 Aleksandra \u0141yczywek z klasy VIb<br \/>\nWyr\u00f3\u017cnienie \u2013 Aleksandra Jab\u0142o\u0144ska z klasy Vc<\/p>\n\n\t\t<style type=\"text\/css\">\n\t\t\t#gallery-1 {\n\t\t\t\tmargin: auto;\n\t\t\t}\n\t\t\t#gallery-1 .gallery-item {\n\t\t\t\tfloat: left;\n\t\t\t\tmargin-top: 10px;\n\t\t\t\ttext-align: center;\n\t\t\t\twidth: 25%;\n\t\t\t}\n\t\t\t#gallery-1 img {\n\t\t\t\tborder: 2px solid #cfcfcf;\n\t\t\t}\n\t\t\t#gallery-1 .gallery-caption {\n\t\t\t\tmargin-left: 0;\n\t\t\t}\n\t\t\t\/* see gallery_shortcode() in wp-includes\/media.php *\/\n\t\t<\/style>\n\t\t<div id='gallery-1' class='gallery galleryid-3263 gallery-columns-4 gallery-size-thumbnail'><dl class='gallery-item'>\n\t\t\t<dt class='gallery-icon portrait'>\n\t\t\t\t<a href='http:\/\/sp3.tuchola.pl\/wordpress\/?attachment_id=3268'><img width=\"150\" height=\"150\" src=\"http:\/\/sp3.tuchola.pl\/wordpress\/wp-content\/uploads\/2016\/04\/kp_l_2016_09-150x150.jpg\" class=\"attachment-thumbnail size-thumbnail\" alt=\"\" loading=\"lazy\" \/><\/a>\n\t\t\t<\/dt><\/dl><dl class='gallery-item'>\n\t\t\t<dt class='gallery-icon landscape'>\n\t\t\t\t<a href='http:\/\/sp3.tuchola.pl\/wordpress\/?attachment_id=3269'><img width=\"150\" height=\"150\" src=\"http:\/\/sp3.tuchola.pl\/wordpress\/wp-content\/uploads\/2016\/04\/kp_l_2016_01-150x150.jpg\" class=\"attachment-thumbnail size-thumbnail\" alt=\"\" loading=\"lazy\" \/><\/a>\n\t\t\t<\/dt><\/dl><dl class='gallery-item'>\n\t\t\t<dt class='gallery-icon landscape'>\n\t\t\t\t<a href='http:\/\/sp3.tuchola.pl\/wordpress\/?attachment_id=3270'><img width=\"150\" height=\"150\" src=\"http:\/\/sp3.tuchola.pl\/wordpress\/wp-content\/uploads\/2016\/04\/kp_l_2016_02-150x150.jpg\" class=\"attachment-thumbnail size-thumbnail\" alt=\"\" loading=\"lazy\" \/><\/a>\n\t\t\t<\/dt><\/dl><dl class='gallery-item'>\n\t\t\t<dt class='gallery-icon landscape'>\n\t\t\t\t<a href='http:\/\/sp3.tuchola.pl\/wordpress\/?attachment_id=3271'><img width=\"150\" height=\"150\" src=\"http:\/\/sp3.tuchola.pl\/wordpress\/wp-content\/uploads\/2016\/04\/kp_l_2016_03-150x150.jpg\" class=\"attachment-thumbnail size-thumbnail\" alt=\"\" loading=\"lazy\" \/><\/a>\n\t\t\t<\/dt><\/dl><br style=\"clear: both\" \/><dl class='gallery-item'>\n\t\t\t<dt class='gallery-icon portrait'>\n\t\t\t\t<a href='http:\/\/sp3.tuchola.pl\/wordpress\/?attachment_id=3272'><img width=\"150\" height=\"150\" src=\"http:\/\/sp3.tuchola.pl\/wordpress\/wp-content\/uploads\/2016\/04\/kp_l_2016_05-150x150.jpg\" class=\"attachment-thumbnail size-thumbnail\" alt=\"\" loading=\"lazy\" \/><\/a>\n\t\t\t<\/dt><\/dl><dl class='gallery-item'>\n\t\t\t<dt class='gallery-icon portrait'>\n\t\t\t\t<a href='http:\/\/sp3.tuchola.pl\/wordpress\/?attachment_id=3273'><img width=\"150\" height=\"150\" src=\"http:\/\/sp3.tuchola.pl\/wordpress\/wp-content\/uploads\/2016\/04\/kp_l_2016_06-150x150.jpg\" class=\"attachment-thumbnail size-thumbnail\" alt=\"\" loading=\"lazy\" \/><\/a>\n\t\t\t<\/dt><\/dl><dl class='gallery-item'>\n\t\t\t<dt class='gallery-icon portrait'>\n\t\t\t\t<a href='http:\/\/sp3.tuchola.pl\/wordpress\/?attachment_id=3274'><img width=\"150\" height=\"150\" src=\"http:\/\/sp3.tuchola.pl\/wordpress\/wp-content\/uploads\/2016\/04\/kp_l_2016_07-150x150.jpg\" class=\"attachment-thumbnail size-thumbnail\" alt=\"\" loading=\"lazy\" \/><\/a>\n\t\t\t<\/dt><\/dl><dl class='gallery-item'>\n\t\t\t<dt class='gallery-icon portrait'>\n\t\t\t\t<a href='http:\/\/sp3.tuchola.pl\/wordpress\/?attachment_id=3275'><img width=\"150\" height=\"150\" src=\"http:\/\/sp3.tuchola.pl\/wordpress\/wp-content\/uploads\/2016\/04\/kp_l_2016_08-150x150.jpg\" class=\"attachment-thumbnail size-thumbnail\" alt=\"\" loading=\"lazy\" \/><\/a>\n\t\t\t<\/dt><\/dl><br style=\"clear: both\" \/>\n\t\t<\/div>\n\n<p style=\"text-align: center;\"><em>Fot: I. Zielinska<\/em><\/p>\n","protected":false},"excerpt":{"rendered":"<p>22 kwietnia 2016 r. w Legb\u0105dzie odby\u0142o si\u0119 uroczyste podsumowanie XIII Gminnego Konkursu Plastycznego WIOSNA W BORACH TUCHOLSKICH \u201ePtaki i inne wiosenne zwierzaki\u201d. Organizatorem konkursu by\u0142a Szko\u0142a Podstawowa w Legb\u0105dzie, a wsp\u00f3\u0142organizatorem Nadle\u015bnictwo Woziwoda.\u00a0Sze\u015b\u0107 os\u00f3b z naszej szko\u0142y zaproszono\u00a0na uroczysto\u015b\u0107 wr\u0119czenia nagr\u00f3d i dyplom\u00f3w. OTO LISTA NAGRODZONYCH Kategoria klas 0-I II miejsce \u2013 Agata Palkowska [&hellip;]<\/p>\n","protected":false},"author":1,"featured_media":0,"comment_status":"closed","ping_status":"open","sticky":false,"template":"","format":"standard","meta":[],"categories":[1],"tags":[],"_links":{"self":[{"href":"http:\/\/sp3.tuchola.pl\/wordpress\/index.php?rest_route=\/wp\/v2\/posts\/3263"}],"collection":[{"href":"http:\/\/sp3.tuchola.pl\/wordpress\/index.php?rest_route=\/wp\/v2\/posts"}],"about":[{"href":"http:\/\/sp3.tuchola.pl\/wordpress\/index.php?rest_route=\/wp\/v2\/types\/post"}],"author":[{"embeddable":true,"href":"http:\/\/sp3.tuchola.pl\/wordpress\/index.php?rest_route=\/wp\/v2\/users\/1"}],"replies":[{"embeddable":true,"href":"http:\/\/sp3.tuchola.pl\/wordpress\/index.php?rest_route=%2Fwp%2Fv2%2Fcomments&post=3263"}],"version-history":[{"count":4,"href":"http:\/\/sp3.tuchola.pl\/wordpress\/index.php?rest_route=\/wp\/v2\/posts\/3263\/revisions"}],"predecessor-version":[{"id":3276,"href":"http:\/\/sp3.tuchola.pl\/wordpress\/index.php?rest_route=\/wp\/v2\/posts\/3263\/revisions\/3276"}],"wp:attachment":[{"href":"http:\/\/sp3.tuchola.pl\/wordpress\/index.php?rest_route=%2Fwp%2Fv2%2Fmedia&parent=3263"}],"wp:term":[{"taxonomy":"category","embeddable":true,"href":"http:\/\/sp3.tuchola.pl\/wordpress\/index.php?rest_route=%2Fwp%2Fv2%2Fcategories&post=3263"},{"taxonomy":"post_tag","embeddable":true,"href":"http:\/\/sp3.tuchola.pl\/wordpress\/index.php?rest_route=%2Fwp%2Fv2%2Ftags&post=3263"}],"curies":[{"name":"wp","href":"https:\/\/api.w.org\/{rel}","templated":true}]}}